
{"id":4881,"date":"2011-05-11T00:00:23","date_gmt":"2011-05-11T03:00:23","guid":{"rendered":"http:\/\/www.sudoestehoje.com.br\/novoportal\/?p=4881"},"modified":"2011-05-11T00:00:23","modified_gmt":"2011-05-11T03:00:23","slug":"azaleia-fecha-fabrica-no-rio-grande-do-sul","status":"publish","type":"post","link":"https:\/\/www.sudoestehoje.com.br\/novoportal\/2011\/05\/11\/azaleia-fecha-fabrica-no-rio-grande-do-sul\/","title":{"rendered":"AZAL\u00c9IA FECHA F\u00c1BRICA NO RIO GRANDE DO SUL"},"content":{"rendered":"<p><em><\/p>\n<div style=\"text-align: center;\"><strong><img decoding=\"async\" src=\"http:\/\/www.infoextra.com.br\/images\/250x188\/bb03c0700632618a23a2360fcbe4cd36.jpg\" alt=\"F\u00e1brica da Azaleia em Parob\u00e9-RS\" \/> <\/strong><\/div>\n<div style=\"text-align: center;\">F\u00e1brica da Azaleia em Parob\u00e9-RS<\/div>\n<p>\u00a0<\/p>\n<p><em>Do Correio do Povo (RS)<\/p>\n<p><\/em>PAROB\u00c9 (RS): A f\u00e1brica cinquenten\u00e1ria da Azaleia no Rio Grande do Sul encerrou a produ\u00e7\u00e3o em Parob\u00e9, no Vale do Sinos. O fechamento da unidade resultou na demiss\u00e3o de 800 funcion\u00e1rios. A informa\u00e7\u00e3o foi confirmada por nota divulgada pela companhia na tarde desta segunda-feira.<\/p>\n<p><\/em><\/p>\n<p>Segundo comunicado da empresa, pelos pr\u00f3ximos tr\u00eas meses os benef\u00edcios de cesta de alimentos, assist\u00eancia m\u00e9dica e creche para as crian\u00e7as j\u00e1 assistidas continuar\u00e3o a ser concedidos para os colaboradores que est\u00e3o sendo desligados e que j\u00e1 fazem uso destes benef\u00edcios.<br \/>\n<strong><br \/>\nConfira o comunicado da empresa, na \u00edntegra:<\/strong><!--more--><\/p>\n<p>Estamos encerrando as atividades de produ\u00e7\u00e3o na unidade de Parob\u00e9-RS.<\/p>\n<p>Isto significa, infelizmente, que cerca de 800 colaboradores ter\u00e3o seus contratos de trabalho rescindidos e haver\u00e1 uma redu\u00e7\u00e3o na nossa capacidade total de produ\u00e7\u00e3o em 8.000 pares por dia.<\/p>\n<p>Considerando-se o n\u00famero total de empregados de nossa companhia de 44.000 pessoas e a capacidade de produ\u00e7\u00e3o di\u00e1ria de cerca de 250.000 pares, trata-se de um ajuste relativo, pequeno. Ainda assim, reduzir empregos \u00e9 sempre uma medida penosa, por\u00e9m necess\u00e1ria.<\/p>\n<p>Na atual conjuntura econ\u00f4mica brasileira os setores intensivos em m\u00e3o-de-obra (entre eles a ind\u00fastria de cal\u00e7ados) t\u00eam sido obrigados a realizar ajustes em fun\u00e7\u00e3o de v\u00e1rios fatores adversos que j\u00e1 foram extensivamente diagnosticados, mas que seguem intocados pela pol\u00edtica econ\u00f4mica e, incompreensivelmente, com perspectivas cada vez mais claras de consolida\u00e7\u00e3o.<\/p>\n<p>Temos feitos progressos no ajuste a esta conjuntura, mas a crescente participa\u00e7\u00e3o de cal\u00e7ados importados no mercado interno e a perda de competitividade nas exporta\u00e7\u00f5es n\u00e3o favorecem uma expans\u00e3o expressiva dos nossos volumes de vendas.<\/p>\n<p>Assim, os ajustes de produtividade que preferencialmente &#8211; para n\u00f3s e para nossos colaboradores &#8211; poderiam ser feitos com &#8220;maior produ\u00e7\u00e3o com os mesmos meios&#8221; t\u00eam que ser feitos na base de &#8220;mesma produ\u00e7\u00e3o com menores meios&#8221;, impondo-nos a dura tarefa de acelerar as redu\u00e7\u00f5es de custos para a velocidade determinada pelo avan\u00e7o das vari\u00e1veis externas \u00e0 companhia.<\/p>\n<p>Pelos pr\u00f3ximos tr\u00eas meses, os benef\u00edcios de cesta de alimentos, assist\u00eancia m\u00e9dica e creche para as crian\u00e7as j\u00e1 assistidas continuar\u00e3o a ser concedidos para os colaboradores que est\u00e3o sendo desligados e que j\u00e1 fazem uso destes benef\u00edcios.<\/p>\n<p>Est\u00e3o mantidas em Parob\u00e9-RS todas as demais atividades l\u00e1 localizadas, o que inclui as diretorias de Marketing e Desenvolvimento de Produtos, de Tecnologia, de Planejamento e as \u00e1reas de suprimentos, log\u00edstica e recursos humanos.<\/p>\n<p>Juntas, estas \u00e1reas constituem a maior unidade de conhecimento em tecnologia de cal\u00e7ados do Brasil e compreendem mais de 1.500 profissionais de alt\u00edssimo n\u00edvel de conhecimento e compet\u00eancia, arduamente reunidos em mais de 50 anos de exist\u00eancia de nossas empresas.<\/p>\n","protected":false},"excerpt":{"rendered":"<p>F\u00e1brica da Azaleia em Parob\u00e9-RS \u00a0 Do Correio do Povo (RS) PAROB\u00c9 (RS): A f\u00e1brica cinquenten\u00e1ria da Azaleia no Rio Grande do Sul encerrou a produ\u00e7\u00e3o em Parob\u00e9, no Vale do Sinos. O fechamento da unidade resultou na demiss\u00e3o de 800 funcion\u00e1rios. A informa\u00e7\u00e3o foi confirmada por nota divulgada pela companhia na tarde desta segunda-feira. [&hellip;]<\/p>\n","protected":false},"author":2,"featured_media":0,"comment_status":"open","ping_status":"open","sticky":false,"template":"","format":"standard","meta":{"footnotes":"","_links_to":"","_links_to_target":""},"categories":[1],"tags":[],"class_list":["post-4881","post","type-post","status-publish","format-standard","hentry","category-geral"],"views":1192,"_links":{"self":[{"href":"https:\/\/www.sudoestehoje.com.br\/novoportal\/wp-json\/wp\/v2\/posts\/4881","targetHints":{"allow":["GET"]}}],"collection":[{"href":"https:\/\/www.sudoestehoje.com.br\/novoportal\/wp-json\/wp\/v2\/posts"}],"about":[{"href":"https:\/\/www.sudoestehoje.com.br\/novoportal\/wp-json\/wp\/v2\/types\/post"}],"author":[{"embeddable":true,"href":"https:\/\/www.sudoestehoje.com.br\/novoportal\/wp-json\/wp\/v2\/users\/2"}],"replies":[{"embeddable":true,"href":"https:\/\/www.sudoestehoje.com.br\/novoportal\/wp-json\/wp\/v2\/comments?post=4881"}],"version-history":[{"count":5,"href":"https:\/\/www.sudoestehoje.com.br\/novoportal\/wp-json\/wp\/v2\/posts\/4881\/revisions"}],"predecessor-version":[{"id":4886,"href":"https:\/\/www.sudoestehoje.com.br\/novoportal\/wp-json\/wp\/v2\/posts\/4881\/revisions\/4886"}],"wp:attachment":[{"href":"https:\/\/www.sudoestehoje.com.br\/novoportal\/wp-json\/wp\/v2\/media?parent=4881"}],"wp:term":[{"taxonomy":"category","embeddable":true,"href":"https:\/\/www.sudoestehoje.com.br\/novoportal\/wp-json\/wp\/v2\/categories?post=4881"},{"taxonomy":"post_tag","embeddable":true,"href":"https:\/\/www.sudoestehoje.com.br\/novoportal\/wp-json\/wp\/v2\/tags?post=4881"}],"curies":[{"name":"wp","href":"https:\/\/api.w.org\/{rel}","templated":true}]}}