
{"id":48787,"date":"2015-05-02T13:21:58","date_gmt":"2015-05-02T16:21:58","guid":{"rendered":"http:\/\/www.sudoestehoje.com.br\/novoportal\/?p=48787"},"modified":"2015-05-02T13:57:04","modified_gmt":"2015-05-02T16:57:04","slug":"dr-romildo-diz-que-vai-dar-alta-a-ze-carlos-na-proxima-semana","status":"publish","type":"post","link":"https:\/\/www.sudoestehoje.com.br\/novoportal\/2015\/05\/02\/dr-romildo-diz-que-vai-dar-alta-a-ze-carlos-na-proxima-semana\/","title":{"rendered":"&#8220;DR. ROMILDO&#8221; DIZ QUE VAI DAR ALTA A Z\u00c9 CARLOS NA PR\u00d3XIMA SEMANA"},"content":{"rendered":"<div id=\"attachment_48688\" style=\"width: 511px\" class=\"wp-caption aligncenter\"><a href=\"http:\/\/www.sudoestehoje.com.br\/novoportal\/wp-content\/uploads\/2015\/04\/rom-ze.jpg\"><img loading=\"lazy\" decoding=\"async\" aria-describedby=\"caption-attachment-48688\" class=\" wp-image-48688\" src=\"http:\/\/www.sudoestehoje.com.br\/novoportal\/wp-content\/uploads\/2015\/04\/rom-ze.jpg\" alt=\"Romildo quer arrancar Z\u00e9 Carlos do Hospital, para afastar Al\u00e9cio e reassumir o comando das malandragens na prefeitura.\" width=\"501\" height=\"332\" srcset=\"https:\/\/www.sudoestehoje.com.br\/novoportal\/wp-content\/uploads\/2015\/04\/rom-ze.jpg 400w, https:\/\/www.sudoestehoje.com.br\/novoportal\/wp-content\/uploads\/2015\/04\/rom-ze-150x99.jpg 150w\" sizes=\"auto, (max-width: 501px) 100vw, 501px\" \/><\/a><p id=\"caption-attachment-48688\" class=\"wp-caption-text\">Romildo quer arrancar Z\u00e9 Carlos do Hospital, para afastar Al\u00e9cio e reassumir o comando das malandragens na prefeitura.<\/p><\/div>\n<p>Durante uma entrevista de K\u00e1tia Espinheira na R\u00e1dio Cidade FM, na manh\u00e3 deste s\u00e1bado (2), o &#8216;assessor especial&#8217; Romildo Teixeira entrou no ar por telefone e revelou que na semana que vem o prefeito Z\u00e9 Carlos receber\u00e1 alta m\u00e9dica do Hospital Alian\u00e7a e que retornar\u00e1 a Itapetinga.<\/p>\n<p>Segundo ele, o chefe do executivo &#8220;est\u00e1 100%&#8221;, podendo reassumir o cargo, imediatamente, o que n\u00e3o corresponde \u00e0 verdade, pois o quadro de sa\u00fade do prefeito, infelizmente, ainda \u00e9 muito delicado. Fazem parte dessa articula\u00e7\u00e3o, o diretor do SAAE, Tiquinho, o secret\u00e1rio da fazenda, Ricardo Dutra, o chefe de gabinete, Geremias Pereira, o ex-secret\u00e1rio de sa\u00fade, Dr. Emmanoel, e a desajuizada primeira-dama, Cida Moura.<\/p>\n<p>Desde que foi internado na UTI do Hospital Alian\u00e7a, com quadro agudo de pneumonia e outras coisas que foram meticulosamente escondidas da imprensa, popula\u00e7\u00e3o, amigos e correligion\u00e1rios, Z\u00e9 Carlos passou por muitas complica\u00e7\u00f5es no seu quadro cl\u00ednico e a sua recupera\u00e7\u00e3o pode demandar ainda algum tempo. Z\u00e9 Carlos n\u00e3o anda, e se nega a fazer fisioterapia, teve fortes crises de abstin\u00eancia, incha\u00e7o em todo o corpo, devido \u00e0 reten\u00e7\u00e3o de l\u00edquidos, e outras &#8216;intercorr\u00eancias&#8217; muito graves,<\/p>\n<p>Para reassumir o cargo, Z\u00e9 Carlos precisa estar totalmente apto, e essa aptid\u00e3o inclui a capacidade plena para governar o munic\u00edpio a partir do seu gabinete na prefeitura, e n\u00e3o como um moribundo deitado em uma cama de hospital em sua resid\u00eancia, ou em uma cadeira de rodas, sem mobilidade alguma. A lei n\u00e3o permite isto e certamente algu\u00e9m ir\u00e1 questionar judicialmente.<\/p>\n<p>Trazer Z\u00e9 Carlos nessas condi\u00e7\u00f5es, para atender aos interesses escusos dessa trupe de aproveitadores seria um ato insano de irresponsabilidade sem precedentes, cujas consequ\u00eancias e culpa recair\u00e3o, fatalmente, nas costas da primeira dama e familiares do prefeito, caso concordem com tamanho absurdo.Quem d\u00e1 alta \u00e9 o m\u00e9dico e o hospital, dependendo da condi\u00e7\u00e3o cl\u00ednica do paciente, e n\u00e3o os parentes e correligion\u00e1rios, para atender caprichos pol\u00edticas.<\/p>\n<p>Al\u00e9m do mais, Al\u00e9cio Chaves est\u00e1 cumprindo \u00e0 risca as suas obriga\u00e7\u00f5es como sucessor interino, sem se deixar manipular, o que gerou toda essa ciumeira.<\/p>\n<p>Romildo \u00e9 homem bomba e pode provocar outro racha irrepar\u00e1vel entre Z\u00e9 Carlos e Al\u00e9cio, facilitando a vida da oposi\u00e7\u00e3o, que vem a\u00ed muito forte, com Z\u00e9 Ot\u00e1vio e Michel Hagge, numa chapa considerada imbat\u00edvel.<\/p>\n<p><strong><em>Por Davi Ferraz<\/em><\/strong><\/p>\n","protected":false},"excerpt":{"rendered":"<p>Durante uma entrevista de K\u00e1tia Espinheira na R\u00e1dio Cidade FM, na manh\u00e3 deste s\u00e1bado (2), o &#8216;assessor especial&#8217; Romildo Teixeira entrou no ar por telefone e revelou que na semana que vem o prefeito Z\u00e9 Carlos receber\u00e1 alta m\u00e9dica do Hospital Alian\u00e7a e que retornar\u00e1 a Itapetinga. Segundo ele, o chefe do executivo &#8220;est\u00e1 100%&#8221;, [&hellip;]<\/p>\n","protected":false},"author":2,"featured_media":0,"comment_status":"open","ping_status":"open","sticky":false,"template":"","format":"standard","meta":{"footnotes":"","_links_to":"","_links_to_target":""},"categories":[1],"tags":[],"class_list":["post-48787","post","type-post","status-publish","format-standard","hentry","category-geral"],"views":1580,"_links":{"self":[{"href":"https:\/\/www.sudoestehoje.com.br\/novoportal\/wp-json\/wp\/v2\/posts\/48787","targetHints":{"allow":["GET"]}}],"collection":[{"href":"https:\/\/www.sudoestehoje.com.br\/novoportal\/wp-json\/wp\/v2\/posts"}],"about":[{"href":"https:\/\/www.sudoestehoje.com.br\/novoportal\/wp-json\/wp\/v2\/types\/post"}],"author":[{"embeddable":true,"href":"https:\/\/www.sudoestehoje.com.br\/novoportal\/wp-json\/wp\/v2\/users\/2"}],"replies":[{"embeddable":true,"href":"https:\/\/www.sudoestehoje.com.br\/novoportal\/wp-json\/wp\/v2\/comments?post=48787"}],"version-history":[{"count":8,"href":"https:\/\/www.sudoestehoje.com.br\/novoportal\/wp-json\/wp\/v2\/posts\/48787\/revisions"}],"predecessor-version":[{"id":48795,"href":"https:\/\/www.sudoestehoje.com.br\/novoportal\/wp-json\/wp\/v2\/posts\/48787\/revisions\/48795"}],"wp:attachment":[{"href":"https:\/\/www.sudoestehoje.com.br\/novoportal\/wp-json\/wp\/v2\/media?parent=48787"}],"wp:term":[{"taxonomy":"category","embeddable":true,"href":"https:\/\/www.sudoestehoje.com.br\/novoportal\/wp-json\/wp\/v2\/categories?post=48787"},{"taxonomy":"post_tag","embeddable":true,"href":"https:\/\/www.sudoestehoje.com.br\/novoportal\/wp-json\/wp\/v2\/tags?post=48787"}],"curies":[{"name":"wp","href":"https:\/\/api.w.org\/{rel}","templated":true}]}}