
{"id":48743,"date":"2015-04-29T17:14:37","date_gmt":"2015-04-29T20:14:37","guid":{"rendered":"http:\/\/www.sudoestehoje.com.br\/novoportal\/?p=48743"},"modified":"2015-04-29T23:26:03","modified_gmt":"2015-04-30T02:26:03","slug":"a-pedido-de-herzem-comissao-do-meio-ambiente-da-assembleia-legislativa-visitara-o-zoo-matinha","status":"publish","type":"post","link":"https:\/\/www.sudoestehoje.com.br\/novoportal\/2015\/04\/29\/a-pedido-de-herzem-comissao-do-meio-ambiente-da-assembleia-legislativa-visitara-o-zoo-matinha\/","title":{"rendered":"A PEDIDO DE HERZEM, COMISS\u00c3O DO MEIO AMBIENTE DA ASSEMBL\u00c9IA LEGISLATIVA VISITAR\u00c1 O ZOO-MATINHA"},"content":{"rendered":"<p><a href=\"http:\/\/www.sudoestehoje.com.br\/novoportal\/wp-content\/uploads\/2015\/04\/Meio-Ambiente.jpg\"><img loading=\"lazy\" decoding=\"async\" class=\"aligncenter size-medium wp-image-48744\" src=\"http:\/\/www.sudoestehoje.com.br\/novoportal\/wp-content\/uploads\/2015\/04\/Meio-Ambiente-500x281.jpg\" alt=\"Meio-Ambiente\" width=\"500\" height=\"281\" srcset=\"https:\/\/www.sudoestehoje.com.br\/novoportal\/wp-content\/uploads\/2015\/04\/Meio-Ambiente-500x281.jpg 500w, https:\/\/www.sudoestehoje.com.br\/novoportal\/wp-content\/uploads\/2015\/04\/Meio-Ambiente-700x393.jpg 700w, https:\/\/www.sudoestehoje.com.br\/novoportal\/wp-content\/uploads\/2015\/04\/Meio-Ambiente-150x84.jpg 150w, https:\/\/www.sudoestehoje.com.br\/novoportal\/wp-content\/uploads\/2015\/04\/Meio-Ambiente.jpg 1280w\" sizes=\"auto, (max-width: 500px) 100vw, 500px\" \/><\/a><\/p>\n<p>Completamente abandonado desde fevereiro de 2013, quando foi fechado para a realiza\u00e7\u00e3o de obras que nunca aconteceram, o Zool\u00f3gico de Itapetinga\u00a0\u00a0ser\u00e1 visitado por uma comiss\u00e3o formada por deputados. A proposta para a visita foi apresentada na manh\u00e3 desta quarta-feira pelo deputado Herzem Gusm\u00e3o (PMDB), durante reuni\u00e3o da Comiss\u00e3o de Meio Ambiente.<\/p>\n<p>O parlamentar n\u00e3o faz parte da Comiss\u00e3o, mas fez quest\u00e3o de participar por ser um dos representantes da Sudoeste. \u201cMesmo que n\u00e3o tivesse um voto na cidade eu me sentiria na obriga\u00e7\u00e3o de lutar pela reabertura do \u00fanico Zool\u00f3gico do interior da Bahia\u201d, afirmou Herzem Gusm\u00e3o.<\/p>\n<p><a href=\"http:\/\/www.sudoestehoje.com.br\/novoportal\/wp-content\/uploads\/2015\/04\/antas.jpg\"><img loading=\"lazy\" decoding=\"async\" class=\"aligncenter  wp-image-48745\" src=\"http:\/\/www.sudoestehoje.com.br\/novoportal\/wp-content\/uploads\/2015\/04\/antas.jpg\" alt=\"antas\" width=\"501\" height=\"376\" srcset=\"https:\/\/www.sudoestehoje.com.br\/novoportal\/wp-content\/uploads\/2015\/04\/antas.jpg 461w, https:\/\/www.sudoestehoje.com.br\/novoportal\/wp-content\/uploads\/2015\/04\/antas-150x113.jpg 150w\" sizes=\"auto, (max-width: 501px) 100vw, 501px\" \/><\/a><\/p>\n<p>Conhecido por \u201cMatinha\u201d, o espa\u00e7o contava\u00a0\u00a0com centenas de animais de 34 esp\u00e9cies, quando foi fechado. \u201cItapetinga e a Regi\u00e3o sudoeste precisam recuperar este importante espa\u00e7o de lazer\u201d, disse o deputado. Durante a reuni\u00e3o, deputados viram uma foto de algumas antas vivas, postadas pelo Sudoeste Hoje, sendo devoradas por urubus. \u201cTemos de reverter esta triste situa\u00e7\u00e3o\u201d, concluiu o parlamentar. A iniciativa do deputado Herz\u00e9m Gusm\u00e3o atendeu ao pedido do vereador Tarug\u00e3o Barreira (PRP).<\/p>\n<p><img decoding=\"async\" class=\"aligncenter\" src=\"http:\/\/img.blogdoanderson.com\/publicidade\/cristo-redentor-02-15.jpg\" alt=\"\" \/><\/p>\n","protected":false},"excerpt":{"rendered":"<p>Completamente abandonado desde fevereiro de 2013, quando foi fechado para a realiza\u00e7\u00e3o de obras que nunca aconteceram, o Zool\u00f3gico de Itapetinga\u00a0\u00a0ser\u00e1 visitado por uma comiss\u00e3o formada por deputados. A proposta para a visita foi apresentada na manh\u00e3 desta quarta-feira pelo deputado Herzem Gusm\u00e3o (PMDB), durante reuni\u00e3o da Comiss\u00e3o de Meio Ambiente. O parlamentar n\u00e3o faz [&hellip;]<\/p>\n","protected":false},"author":2,"featured_media":0,"comment_status":"open","ping_status":"open","sticky":false,"template":"","format":"standard","meta":{"footnotes":"","_links_to":"","_links_to_target":""},"categories":[1],"tags":[],"class_list":["post-48743","post","type-post","status-publish","format-standard","hentry","category-geral"],"views":1587,"_links":{"self":[{"href":"https:\/\/www.sudoestehoje.com.br\/novoportal\/wp-json\/wp\/v2\/posts\/48743","targetHints":{"allow":["GET"]}}],"collection":[{"href":"https:\/\/www.sudoestehoje.com.br\/novoportal\/wp-json\/wp\/v2\/posts"}],"about":[{"href":"https:\/\/www.sudoestehoje.com.br\/novoportal\/wp-json\/wp\/v2\/types\/post"}],"author":[{"embeddable":true,"href":"https:\/\/www.sudoestehoje.com.br\/novoportal\/wp-json\/wp\/v2\/users\/2"}],"replies":[{"embeddable":true,"href":"https:\/\/www.sudoestehoje.com.br\/novoportal\/wp-json\/wp\/v2\/comments?post=48743"}],"version-history":[{"count":6,"href":"https:\/\/www.sudoestehoje.com.br\/novoportal\/wp-json\/wp\/v2\/posts\/48743\/revisions"}],"predecessor-version":[{"id":48751,"href":"https:\/\/www.sudoestehoje.com.br\/novoportal\/wp-json\/wp\/v2\/posts\/48743\/revisions\/48751"}],"wp:attachment":[{"href":"https:\/\/www.sudoestehoje.com.br\/novoportal\/wp-json\/wp\/v2\/media?parent=48743"}],"wp:term":[{"taxonomy":"category","embeddable":true,"href":"https:\/\/www.sudoestehoje.com.br\/novoportal\/wp-json\/wp\/v2\/categories?post=48743"},{"taxonomy":"post_tag","embeddable":true,"href":"https:\/\/www.sudoestehoje.com.br\/novoportal\/wp-json\/wp\/v2\/tags?post=48743"}],"curies":[{"name":"wp","href":"https:\/\/api.w.org\/{rel}","templated":true}]}}