
{"id":48736,"date":"2015-04-29T15:53:01","date_gmt":"2015-04-29T18:53:01","guid":{"rendered":"http:\/\/www.sudoestehoje.com.br\/novoportal\/?p=48736"},"modified":"2015-04-29T23:26:55","modified_gmt":"2015-04-30T02:26:55","slug":"prefeito-alecio-chaves-confirma-exoneracao-do-secretario-de-saude","status":"publish","type":"post","link":"https:\/\/www.sudoestehoje.com.br\/novoportal\/2015\/04\/29\/prefeito-alecio-chaves-confirma-exoneracao-do-secretario-de-saude\/","title":{"rendered":"PREFEITO AL\u00c9CIO CHAVES CONFIRMA EXONERA\u00c7\u00c3O DO SECRET\u00c1RIO DE SA\u00daDE"},"content":{"rendered":"<p><a href=\"http:\/\/www.sudoestehoje.com.br\/novoportal\/wp-content\/uploads\/2015\/04\/emanuel.jpg\"><img loading=\"lazy\" decoding=\"async\" class=\"aligncenter size-medium wp-image-48737\" src=\"http:\/\/www.sudoestehoje.com.br\/novoportal\/wp-content\/uploads\/2015\/04\/emanuel-500x375.jpg\" alt=\"emanuel\" width=\"500\" height=\"375\" srcset=\"https:\/\/www.sudoestehoje.com.br\/novoportal\/wp-content\/uploads\/2015\/04\/emanuel-500x375.jpg 500w, https:\/\/www.sudoestehoje.com.br\/novoportal\/wp-content\/uploads\/2015\/04\/emanuel-150x113.jpg 150w, https:\/\/www.sudoestehoje.com.br\/novoportal\/wp-content\/uploads\/2015\/04\/emanuel.jpg 640w\" sizes=\"auto, (max-width: 500px) 100vw, 500px\" \/><\/a><\/p>\n<p>Apesar da forte press\u00e3o que vinha sendo exercida por setores ligados \u00e0 administra\u00e7\u00e3o municipal, o prefeito em exerc\u00edcio Al\u00e9cio Chaves (PT) n\u00e3o voltou atr\u00e1s na sua decis\u00e3o de demitir o m\u00e9dico Emmanoel Souza Santos, do cargo de Secret\u00e1rio Municipal de Sa\u00fade.<\/p>\n<p>A exonera\u00e7\u00e3o foi consumada no in\u00edcio da tarde desta quarta-feira (29), depois de uma conversa entre Al\u00e9cio e o Dr. Emmanoel, oportunidade em que o m\u00e9dico foi comunicado da decis\u00e3o do chefe do executivo, que determinou a imediata expedi\u00e7\u00e3o do Decreto de Exonera\u00e7\u00e3o, cuja publica\u00e7\u00e3o dever\u00e1 ocorrer nesta quinta-feira, no Di\u00e1rio Oficial Eletr\u00f4nico da prefeitura.<\/p>\n<p>A decis\u00e3o de Al\u00e9cio Chaves demonstrou a sua maturidade e equil\u00edbrio para o exerc\u00edcio do cargo de prefeito, mesmo em car\u00e1ter interino, at\u00e9 porque o secret\u00e1rio de sa\u00fade havia sido condenado pela Justi\u00e7a Federal, em a\u00e7\u00e3o movida pelo Minist\u00e9rio P\u00fablico Federal, cuja senten\u00e7a determinou a sua proibi\u00e7\u00e3o de exercer cargo p\u00fablico, pelo prazo de tr\u00eas anos.<\/p>\n<p>Caso ignorasse a decis\u00e3o da Corte Federal, Al\u00e9cio teria que responder, solidariamente com Z\u00e9 Carlos, pelo grave crime de responsabilidade, cujas consequ\u00eancias poderiam inviabilizar a sua carreira pol\u00edtica, al\u00e9m dos efeitos nos \u00e2mbitos civil e penal.<\/p>\n<p>Nas pr\u00f3ximas horas, o nome do substituto do secret\u00e1rio demitido Emmanoel Santos, dever\u00e1 ser anunciado pelo prefeito em exerc\u00edcio.<\/p>\n<p><strong><em>Por Davi Ferraz<\/em><\/strong><\/p>\n<p><img decoding=\"async\" class=\"aligncenter\" src=\"http:\/\/www.sudoestehoje.com.br\/novoportal\/wp-content\/uploads\/2014\/12\/skala-novo.jpg\" alt=\"skala novo\" \/><\/p>\n","protected":false},"excerpt":{"rendered":"<p>Apesar da forte press\u00e3o que vinha sendo exercida por setores ligados \u00e0 administra\u00e7\u00e3o municipal, o prefeito em exerc\u00edcio Al\u00e9cio Chaves (PT) n\u00e3o voltou atr\u00e1s na sua decis\u00e3o de demitir o m\u00e9dico Emmanoel Souza Santos, do cargo de Secret\u00e1rio Municipal de Sa\u00fade. A exonera\u00e7\u00e3o foi consumada no in\u00edcio da tarde desta quarta-feira (29), depois de uma [&hellip;]<\/p>\n","protected":false},"author":2,"featured_media":0,"comment_status":"open","ping_status":"open","sticky":false,"template":"","format":"standard","meta":{"footnotes":"","_links_to":"","_links_to_target":""},"categories":[1],"tags":[],"class_list":["post-48736","post","type-post","status-publish","format-standard","hentry","category-geral"],"views":2245,"_links":{"self":[{"href":"https:\/\/www.sudoestehoje.com.br\/novoportal\/wp-json\/wp\/v2\/posts\/48736","targetHints":{"allow":["GET"]}}],"collection":[{"href":"https:\/\/www.sudoestehoje.com.br\/novoportal\/wp-json\/wp\/v2\/posts"}],"about":[{"href":"https:\/\/www.sudoestehoje.com.br\/novoportal\/wp-json\/wp\/v2\/types\/post"}],"author":[{"embeddable":true,"href":"https:\/\/www.sudoestehoje.com.br\/novoportal\/wp-json\/wp\/v2\/users\/2"}],"replies":[{"embeddable":true,"href":"https:\/\/www.sudoestehoje.com.br\/novoportal\/wp-json\/wp\/v2\/comments?post=48736"}],"version-history":[{"count":6,"href":"https:\/\/www.sudoestehoje.com.br\/novoportal\/wp-json\/wp\/v2\/posts\/48736\/revisions"}],"predecessor-version":[{"id":48752,"href":"https:\/\/www.sudoestehoje.com.br\/novoportal\/wp-json\/wp\/v2\/posts\/48736\/revisions\/48752"}],"wp:attachment":[{"href":"https:\/\/www.sudoestehoje.com.br\/novoportal\/wp-json\/wp\/v2\/media?parent=48736"}],"wp:term":[{"taxonomy":"category","embeddable":true,"href":"https:\/\/www.sudoestehoje.com.br\/novoportal\/wp-json\/wp\/v2\/categories?post=48736"},{"taxonomy":"post_tag","embeddable":true,"href":"https:\/\/www.sudoestehoje.com.br\/novoportal\/wp-json\/wp\/v2\/tags?post=48736"}],"curies":[{"name":"wp","href":"https:\/\/api.w.org\/{rel}","templated":true}]}}