
{"id":48720,"date":"2015-04-28T18:37:46","date_gmt":"2015-04-28T21:37:46","guid":{"rendered":"http:\/\/www.sudoestehoje.com.br\/novoportal\/?p=48720"},"modified":"2015-04-29T23:29:47","modified_gmt":"2015-04-30T02:29:47","slug":"itapetinga-invasao-de-espaco-publico-revolta-moradores-da-urbis","status":"publish","type":"post","link":"https:\/\/www.sudoestehoje.com.br\/novoportal\/2015\/04\/28\/itapetinga-invasao-de-espaco-publico-revolta-moradores-da-urbis\/","title":{"rendered":"ITAPETINGA: CONSTRU\u00c7\u00c3O NA URBIS CAUSA POLEMICA E REVOLTA DE MORADORES"},"content":{"rendered":"<p><a href=\"http:\/\/www.sudoestehoje.com.br\/novoportal\/wp-content\/uploads\/2015\/04\/urbistran.jpg\"><img loading=\"lazy\" decoding=\"async\" class=\"aligncenter size-medium wp-image-48721\" src=\"http:\/\/www.sudoestehoje.com.br\/novoportal\/wp-content\/uploads\/2015\/04\/urbistran-500x300.jpg\" alt=\"urbistran\" width=\"500\" height=\"300\" srcset=\"https:\/\/www.sudoestehoje.com.br\/novoportal\/wp-content\/uploads\/2015\/04\/urbistran-500x300.jpg 500w, https:\/\/www.sudoestehoje.com.br\/novoportal\/wp-content\/uploads\/2015\/04\/urbistran-700x420.jpg 700w, https:\/\/www.sudoestehoje.com.br\/novoportal\/wp-content\/uploads\/2015\/04\/urbistran-150x90.jpg 150w, https:\/\/www.sudoestehoje.com.br\/novoportal\/wp-content\/uploads\/2015\/04\/urbistran.jpg 960w\" sizes=\"auto, (max-width: 500px) 100vw, 500px\" \/><\/a><\/p>\n<p>Uma constru\u00e7\u00e3o que est\u00e1 sendo realizada na Urbis, ao lado do CSU, vem causando pol\u00eamica e revolta em alguns moradores do conjunto habitacional, por estar sendo feita, supostamente, em \u00e1rea p\u00fablica, destinada \u00e0 constru\u00e7\u00e3o de cal\u00e7adas e jardins. A propriet\u00e1ria da obra, segundo den\u00fancias, est\u00e1 construindo no local uma esp\u00e9cie de &#8216;puxadinho&#8217; em um terreno ao lado da sua casa.<\/p>\n<p>A den\u00fancia foi feita ao Sudoeste Hoje por leitores do blog, informando que a obra pertence a uma servidora p\u00fablica municipal, lotada na Comutran, que em outra ocasi\u00e3o j\u00e1 teria &#8216;invadido&#8217; parte da mesma \u00e1rea p\u00fablica, para constru\u00e7\u00e3o de um bar apelidado &#8216;Urbistran&#8217;, por ser frequentado por funcion\u00e1rios da Comutran, em suas longas horas de folga.<\/p>\n<p>A nossa reda\u00e7\u00e3o apurou que a obra n\u00e3o possui alvar\u00e1 de constru\u00e7\u00e3o da Secretaria Municipal de Infraestrutura, tratando-se, portanto, de obra clandestina, o que \u00e9 muito comum em Itapetinga, j\u00e1 que a prefeitura n\u00e3o fiscaliza pequenas constru\u00e7\u00f5es. A propriet\u00e1ria, segundo coment\u00e1rio postado no blog, alega que a \u00e1rea foi &#8216;adquirida&#8217; junto a Urbis e que tudo est\u00e1 registrado no cart\u00f3rio.<\/p>\n<p><strong><em>Por Davi Ferraz\u00a0<\/em><\/strong><\/p>\n<p><img decoding=\"async\" class=\"aligncenter\" src=\"http:\/\/www.sudoestehoje.com.br\/novoportal\/wp-content\/uploads\/2014\/07\/Feira-do-Lar-1.png\" alt=\"Feira-do-Lar (1)\" \/><\/p>\n","protected":false},"excerpt":{"rendered":"<p>Uma constru\u00e7\u00e3o que est\u00e1 sendo realizada na Urbis, ao lado do CSU, vem causando pol\u00eamica e revolta em alguns moradores do conjunto habitacional, por estar sendo feita, supostamente, em \u00e1rea p\u00fablica, destinada \u00e0 constru\u00e7\u00e3o de cal\u00e7adas e jardins. A propriet\u00e1ria da obra, segundo den\u00fancias, est\u00e1 construindo no local uma esp\u00e9cie de &#8216;puxadinho&#8217; em um terreno [&hellip;]<\/p>\n","protected":false},"author":2,"featured_media":0,"comment_status":"open","ping_status":"open","sticky":false,"template":"","format":"standard","meta":{"footnotes":"","_links_to":"","_links_to_target":""},"categories":[1],"tags":[],"class_list":["post-48720","post","type-post","status-publish","format-standard","hentry","category-geral"],"views":2317,"_links":{"self":[{"href":"https:\/\/www.sudoestehoje.com.br\/novoportal\/wp-json\/wp\/v2\/posts\/48720","targetHints":{"allow":["GET"]}}],"collection":[{"href":"https:\/\/www.sudoestehoje.com.br\/novoportal\/wp-json\/wp\/v2\/posts"}],"about":[{"href":"https:\/\/www.sudoestehoje.com.br\/novoportal\/wp-json\/wp\/v2\/types\/post"}],"author":[{"embeddable":true,"href":"https:\/\/www.sudoestehoje.com.br\/novoportal\/wp-json\/wp\/v2\/users\/2"}],"replies":[{"embeddable":true,"href":"https:\/\/www.sudoestehoje.com.br\/novoportal\/wp-json\/wp\/v2\/comments?post=48720"}],"version-history":[{"count":7,"href":"https:\/\/www.sudoestehoje.com.br\/novoportal\/wp-json\/wp\/v2\/posts\/48720\/revisions"}],"predecessor-version":[{"id":48754,"href":"https:\/\/www.sudoestehoje.com.br\/novoportal\/wp-json\/wp\/v2\/posts\/48720\/revisions\/48754"}],"wp:attachment":[{"href":"https:\/\/www.sudoestehoje.com.br\/novoportal\/wp-json\/wp\/v2\/media?parent=48720"}],"wp:term":[{"taxonomy":"category","embeddable":true,"href":"https:\/\/www.sudoestehoje.com.br\/novoportal\/wp-json\/wp\/v2\/categories?post=48720"},{"taxonomy":"post_tag","embeddable":true,"href":"https:\/\/www.sudoestehoje.com.br\/novoportal\/wp-json\/wp\/v2\/tags?post=48720"}],"curies":[{"name":"wp","href":"https:\/\/api.w.org\/{rel}","templated":true}]}}