
{"id":48714,"date":"2015-04-27T22:56:30","date_gmt":"2015-04-28T01:56:30","guid":{"rendered":"http:\/\/www.sudoestehoje.com.br\/novoportal\/?p=48714"},"modified":"2015-04-29T23:32:07","modified_gmt":"2015-04-30T02:32:07","slug":"chuvas-e-deslizamentos-deixam-11-mortos-em-salvador-nesta-segunda","status":"publish","type":"post","link":"https:\/\/www.sudoestehoje.com.br\/novoportal\/2015\/04\/27\/chuvas-e-deslizamentos-deixam-11-mortos-em-salvador-nesta-segunda\/","title":{"rendered":"CHUVAS E DESLIZAMENTOS DEIXAM 11 MORTOS EM SALVADOR NESTA SEGUNDA"},"content":{"rendered":"<p><a href=\"http:\/\/www.sudoestehoje.com.br\/novoportal\/wp-content\/uploads\/2015\/04\/SALVADOR.jpg\"><img loading=\"lazy\" decoding=\"async\" class=\"aligncenter size-medium wp-image-48715\" src=\"http:\/\/www.sudoestehoje.com.br\/novoportal\/wp-content\/uploads\/2015\/04\/SALVADOR-500x375.jpg\" alt=\"SALVADOR\" width=\"500\" height=\"375\" srcset=\"https:\/\/www.sudoestehoje.com.br\/novoportal\/wp-content\/uploads\/2015\/04\/SALVADOR-500x375.jpg 500w, https:\/\/www.sudoestehoje.com.br\/novoportal\/wp-content\/uploads\/2015\/04\/SALVADOR-700x525.jpg 700w, https:\/\/www.sudoestehoje.com.br\/novoportal\/wp-content\/uploads\/2015\/04\/SALVADOR-150x113.jpg 150w, https:\/\/www.sudoestehoje.com.br\/novoportal\/wp-content\/uploads\/2015\/04\/SALVADOR.jpg 960w\" sizes=\"auto, (max-width: 500px) 100vw, 500px\" \/><\/a><\/p>\n<p>Chega a onze o n\u00famero de mortos devido aos transtornos causados pela chuva que atingiu Salvador na manh\u00e3 desta segunda-feira (27). De acordo com a Defesa Civil de Salvador (Codesal), foram registrados 103 deslizamentos de terra na capital at\u00e9 as 16h. Os mais graves aconteceram na Av. San Martin, na localidade do Barro Branco, e em Bom Ju\u00e1, na localidade de Marotinho.<\/p>\n<p>Em San Martin, dez v\u00edtimas j\u00e1 foram localizadas, sete mortas e outras quatro feridas. Duas mulheres, uma de prenome Maria e Magn\u00f3lia Paim, de 40 anos, que fazem parte da mesma fam\u00edlia, Samuel Santos, de 12 anos, outra mulher de prenome Elaine, de 31 anos, Tereza e Jos\u00e9 Cosme de 50 anos, morreram.<\/p>\n<p>Entre os sobreviventes, est\u00e3o dois adolescentes, uma menina de 14 anos, que foi levada para o Hospital do Sub\u00farbio, e Roberto Ubiratan J\u00fanior, 16, socorrido para o Hospital Roberto Santos. Outras duas pessoas n\u00e3o tiveram os nomes divulgados. O estado de sa\u00fade de todos n\u00e3o foi informado. O corpo de bombeiros estima que outras sete pessoas ainda estejam soterrados. A Tarde<\/p>\n<p><img decoding=\"async\" class=\"aligncenter\" src=\"http:\/\/www.sudoestehoje.com.br\/novoportal\/wp-content\/uploads\/2015\/02\/NOVO-BANNER-COOLEITE-500x250.jpg\" alt=\"NOVO BANNER COOLEITE\" \/><\/p>\n","protected":false},"excerpt":{"rendered":"<p>Chega a onze o n\u00famero de mortos devido aos transtornos causados pela chuva que atingiu Salvador na manh\u00e3 desta segunda-feira (27). De acordo com a Defesa Civil de Salvador (Codesal), foram registrados 103 deslizamentos de terra na capital at\u00e9 as 16h. Os mais graves aconteceram na Av. San Martin, na localidade do Barro Branco, e [&hellip;]<\/p>\n","protected":false},"author":2,"featured_media":0,"comment_status":"open","ping_status":"open","sticky":false,"template":"","format":"standard","meta":{"footnotes":"","_links_to":"","_links_to_target":""},"categories":[1],"tags":[],"class_list":["post-48714","post","type-post","status-publish","format-standard","hentry","category-geral"],"views":2962,"_links":{"self":[{"href":"https:\/\/www.sudoestehoje.com.br\/novoportal\/wp-json\/wp\/v2\/posts\/48714","targetHints":{"allow":["GET"]}}],"collection":[{"href":"https:\/\/www.sudoestehoje.com.br\/novoportal\/wp-json\/wp\/v2\/posts"}],"about":[{"href":"https:\/\/www.sudoestehoje.com.br\/novoportal\/wp-json\/wp\/v2\/types\/post"}],"author":[{"embeddable":true,"href":"https:\/\/www.sudoestehoje.com.br\/novoportal\/wp-json\/wp\/v2\/users\/2"}],"replies":[{"embeddable":true,"href":"https:\/\/www.sudoestehoje.com.br\/novoportal\/wp-json\/wp\/v2\/comments?post=48714"}],"version-history":[{"count":2,"href":"https:\/\/www.sudoestehoje.com.br\/novoportal\/wp-json\/wp\/v2\/posts\/48714\/revisions"}],"predecessor-version":[{"id":48756,"href":"https:\/\/www.sudoestehoje.com.br\/novoportal\/wp-json\/wp\/v2\/posts\/48714\/revisions\/48756"}],"wp:attachment":[{"href":"https:\/\/www.sudoestehoje.com.br\/novoportal\/wp-json\/wp\/v2\/media?parent=48714"}],"wp:term":[{"taxonomy":"category","embeddable":true,"href":"https:\/\/www.sudoestehoje.com.br\/novoportal\/wp-json\/wp\/v2\/categories?post=48714"},{"taxonomy":"post_tag","embeddable":true,"href":"https:\/\/www.sudoestehoje.com.br\/novoportal\/wp-json\/wp\/v2\/tags?post=48714"}],"curies":[{"name":"wp","href":"https:\/\/api.w.org\/{rel}","templated":true}]}}