
{"id":48682,"date":"2015-04-25T12:48:14","date_gmt":"2015-04-25T15:48:14","guid":{"rendered":"http:\/\/www.sudoestehoje.com.br\/novoportal\/?p=48682"},"modified":"2015-04-25T22:56:04","modified_gmt":"2015-04-26T01:56:04","slug":"conquista-recebe-comissao-itinerante-de-seguranca-publica","status":"publish","type":"post","link":"https:\/\/www.sudoestehoje.com.br\/novoportal\/2015\/04\/25\/conquista-recebe-comissao-itinerante-de-seguranca-publica\/","title":{"rendered":"CONQUISTA RECEBE COMISS\u00c3O ITINERANTE DE SEGURAN\u00c7A P\u00daBLICA"},"content":{"rendered":"<p><a href=\"http:\/\/www.sudoestehoje.com.br\/novoportal\/wp-content\/uploads\/2015\/04\/aud-1.jpg\"><img loading=\"lazy\" decoding=\"async\" class=\"aligncenter size-medium wp-image-48683\" src=\"http:\/\/www.sudoestehoje.com.br\/novoportal\/wp-content\/uploads\/2015\/04\/aud-1-500x300.jpg\" alt=\"aud 1\" width=\"500\" height=\"300\" srcset=\"https:\/\/www.sudoestehoje.com.br\/novoportal\/wp-content\/uploads\/2015\/04\/aud-1.jpg 500w, https:\/\/www.sudoestehoje.com.br\/novoportal\/wp-content\/uploads\/2015\/04\/aud-1-150x90.jpg 150w\" sizes=\"auto, (max-width: 500px) 100vw, 500px\" \/><\/a><\/p>\n<p>Com as presen\u00e7as de tr\u00eas deputados (Herzem Gusm\u00e3o, Soldado Prisco e Augusto Castro), foi realizada na tarde desta sexta-feira, em Vit\u00f3ria da Conquista, a segunda Sess\u00e3o Itinerante da Comiss\u00e3o de Direitos Humanos e Seguran\u00e7a P\u00fablica.<\/p>\n<p>O evento, que aconteceu no audit\u00f3rio da na Faculdade Independente do Nordeste (FAINOR), contou tamb\u00e9m com as presen\u00e7as de Guiomar Miranda, promotora de Justi\u00e7a, Marcos Rocha, presidente do Conselho Penal, Michel Farias, gerente do N\u00facleo de Defesa da Crian\u00e7a e Adolescente da Universidade Estadual do Sudoeste e do coronel PM. Esmeraldino, da reserva, al\u00e9m de representantes de associa\u00e7\u00f5es, vereadores e populares.<\/p>\n<p><a href=\"http:\/\/www.sudoestehoje.com.br\/novoportal\/wp-content\/uploads\/2015\/04\/aud-2.jpg\"><img loading=\"lazy\" decoding=\"async\" class=\"aligncenter size-medium wp-image-48684\" src=\"http:\/\/www.sudoestehoje.com.br\/novoportal\/wp-content\/uploads\/2015\/04\/aud-2-500x300.jpg\" alt=\"aud 2\" width=\"500\" height=\"300\" srcset=\"https:\/\/www.sudoestehoje.com.br\/novoportal\/wp-content\/uploads\/2015\/04\/aud-2.jpg 500w, https:\/\/www.sudoestehoje.com.br\/novoportal\/wp-content\/uploads\/2015\/04\/aud-2-150x90.jpg 150w\" sizes=\"auto, (max-width: 500px) 100vw, 500px\" \/><\/a><\/p>\n<p>Durante a sess\u00e3o, o deputado Herzem Gusm\u00e3o criticou o governo por n\u00e3o enviar representante para participar da sess\u00e3o. \u201cAs for\u00e7as de seguran\u00e7a do governo se ausentaram, como se sangue tivesse partido pol\u00edtico, como se a dor, o sofrimento e as mortes tivessem carimbo ou uma logomarca partid\u00e1ria\u201d, ressaltou o parlamentar.<\/p>\n<p><img decoding=\"async\" class=\"aligncenter\" src=\"http:\/\/img.blogdoanderson.com\/publicidade\/cristo-redentor-02-15.jpg\" alt=\"\" \/><\/p>\n","protected":false},"excerpt":{"rendered":"<p>Com as presen\u00e7as de tr\u00eas deputados (Herzem Gusm\u00e3o, Soldado Prisco e Augusto Castro), foi realizada na tarde desta sexta-feira, em Vit\u00f3ria da Conquista, a segunda Sess\u00e3o Itinerante da Comiss\u00e3o de Direitos Humanos e Seguran\u00e7a P\u00fablica. O evento, que aconteceu no audit\u00f3rio da na Faculdade Independente do Nordeste (FAINOR), contou tamb\u00e9m com as presen\u00e7as de Guiomar [&hellip;]<\/p>\n","protected":false},"author":2,"featured_media":0,"comment_status":"open","ping_status":"open","sticky":false,"template":"","format":"standard","meta":{"footnotes":"","_links_to":"","_links_to_target":""},"categories":[1],"tags":[],"class_list":["post-48682","post","type-post","status-publish","format-standard","hentry","category-geral"],"views":1254,"_links":{"self":[{"href":"https:\/\/www.sudoestehoje.com.br\/novoportal\/wp-json\/wp\/v2\/posts\/48682","targetHints":{"allow":["GET"]}}],"collection":[{"href":"https:\/\/www.sudoestehoje.com.br\/novoportal\/wp-json\/wp\/v2\/posts"}],"about":[{"href":"https:\/\/www.sudoestehoje.com.br\/novoportal\/wp-json\/wp\/v2\/types\/post"}],"author":[{"embeddable":true,"href":"https:\/\/www.sudoestehoje.com.br\/novoportal\/wp-json\/wp\/v2\/users\/2"}],"replies":[{"embeddable":true,"href":"https:\/\/www.sudoestehoje.com.br\/novoportal\/wp-json\/wp\/v2\/comments?post=48682"}],"version-history":[{"count":2,"href":"https:\/\/www.sudoestehoje.com.br\/novoportal\/wp-json\/wp\/v2\/posts\/48682\/revisions"}],"predecessor-version":[{"id":48686,"href":"https:\/\/www.sudoestehoje.com.br\/novoportal\/wp-json\/wp\/v2\/posts\/48682\/revisions\/48686"}],"wp:attachment":[{"href":"https:\/\/www.sudoestehoje.com.br\/novoportal\/wp-json\/wp\/v2\/media?parent=48682"}],"wp:term":[{"taxonomy":"category","embeddable":true,"href":"https:\/\/www.sudoestehoje.com.br\/novoportal\/wp-json\/wp\/v2\/categories?post=48682"},{"taxonomy":"post_tag","embeddable":true,"href":"https:\/\/www.sudoestehoje.com.br\/novoportal\/wp-json\/wp\/v2\/tags?post=48682"}],"curies":[{"name":"wp","href":"https:\/\/api.w.org\/{rel}","templated":true}]}}