
{"id":48678,"date":"2015-04-25T15:41:14","date_gmt":"2015-04-25T18:41:14","guid":{"rendered":"http:\/\/www.sudoestehoje.com.br\/novoportal\/?p=48678"},"modified":"2015-04-25T18:21:33","modified_gmt":"2015-04-25T21:21:33","slug":"exclusivo-secretario-de-saude-acaba-de-ser-exonerado-do-cargo","status":"publish","type":"post","link":"https:\/\/www.sudoestehoje.com.br\/novoportal\/2015\/04\/25\/exclusivo-secretario-de-saude-acaba-de-ser-exonerado-do-cargo\/","title":{"rendered":"EXCLUSIVO: SECRET\u00c1RIO DE SA\u00daDE ACABA DE SER EXONERADO DO CARGO"},"content":{"rendered":"<div id=\"attachment_48539\" style=\"width: 510px\" class=\"wp-caption aligncenter\"><a href=\"http:\/\/www.sudoestehoje.com.br\/novoportal\/wp-content\/uploads\/2015\/04\/EMANUEL.jpg\"><img loading=\"lazy\" decoding=\"async\" aria-describedby=\"caption-attachment-48539\" class=\"size-medium wp-image-48539\" src=\"http:\/\/www.sudoestehoje.com.br\/novoportal\/wp-content\/uploads\/2015\/04\/EMANUEL-500x300.jpg\" alt=\"Dr. Emanuel Santos assumiu a Secretaria de Sa\u00fade do Munic\u00edpio no m\u00eas passado e j\u00e1 \u00e9 alvo de den\u00fancias. Foto Sudoeste Hoje\" width=\"500\" height=\"300\" srcset=\"https:\/\/www.sudoestehoje.com.br\/novoportal\/wp-content\/uploads\/2015\/04\/EMANUEL-500x300.jpg 500w, https:\/\/www.sudoestehoje.com.br\/novoportal\/wp-content\/uploads\/2015\/04\/EMANUEL-700x420.jpg 700w, https:\/\/www.sudoestehoje.com.br\/novoportal\/wp-content\/uploads\/2015\/04\/EMANUEL-150x90.jpg 150w, https:\/\/www.sudoestehoje.com.br\/novoportal\/wp-content\/uploads\/2015\/04\/EMANUEL.jpg 960w\" sizes=\"auto, (max-width: 500px) 100vw, 500px\" \/><\/a><p id=\"caption-attachment-48539\" class=\"wp-caption-text\">Dr. Emanuel Santos assumiu a Secretaria de Sa\u00fade do Munic\u00edpio no m\u00eas passado e j\u00e1 foi exonerado do cargo, depois das graves den\u00fancias na imprensa. Foto Sudoeste Hoje<\/p><\/div>\n<p>Em decorr\u00eancia das graves den\u00fancias da imprensa local, dando conta de que o m\u00e9dico Emmanoel Souza Santos havia sido condenado pela Justi\u00e7a Federal no Estado do Esp\u00edrito Santo, por ac\u00famulo ilegal de cargos p\u00fablicos, ficando proibido de exercer qualquer fun\u00e7\u00e3o p\u00fablica por tr\u00eas anos, o prefeito em exerc\u00edcio, Al\u00e9cio Chaves, decidiu pela sua exonera\u00e7\u00e3o do cargo de Secret\u00e1rio Municipal de Sa\u00fade, que havia assumido h\u00e1 pouco mais de um m\u00eas.<\/p>\n<p>Com a den\u00fancia do Sudoeste Hoje e outros blogs locais, a situa\u00e7\u00e3o do secret\u00e1rio ficou insustent\u00e1vel, levando-o a entregar o cargo ao prefeito, apesar da resist\u00eancia de setores da administra\u00e7\u00e3o, que queriam a sua perman\u00eancia na secretaria.<\/p>\n<p>O decreto de exonera\u00e7\u00e3o dever\u00e1 ser assinado e publicado na pr\u00f3xima segunda-feira (27), quando o an\u00fancio ser\u00e1 feito para toda a imprensa e popula\u00e7\u00e3o.<\/p>\n<p>Aguardem maiores informa\u00e7\u00f5es com detalhes da exonera\u00e7\u00e3o.<\/p>\n<p><strong><em>Por Davi Ferraz\u00a0<\/em><\/strong><\/p>\n<p><img decoding=\"async\" class=\"aligncenter\" src=\"http:\/\/www.sudoestehoje.com.br\/novoportal\/wp-content\/uploads\/2014\/09\/supermoda.png\" alt=\"supermoda\" \/><\/p>\n","protected":false},"excerpt":{"rendered":"<p>Em decorr\u00eancia das graves den\u00fancias da imprensa local, dando conta de que o m\u00e9dico Emmanoel Souza Santos havia sido condenado pela Justi\u00e7a Federal no Estado do Esp\u00edrito Santo, por ac\u00famulo ilegal de cargos p\u00fablicos, ficando proibido de exercer qualquer fun\u00e7\u00e3o p\u00fablica por tr\u00eas anos, o prefeito em exerc\u00edcio, Al\u00e9cio Chaves, decidiu pela sua exonera\u00e7\u00e3o do [&hellip;]<\/p>\n","protected":false},"author":2,"featured_media":0,"comment_status":"open","ping_status":"open","sticky":false,"template":"","format":"standard","meta":{"footnotes":"","_links_to":"","_links_to_target":""},"categories":[1],"tags":[],"class_list":["post-48678","post","type-post","status-publish","format-standard","hentry","category-geral"],"views":1855,"_links":{"self":[{"href":"https:\/\/www.sudoestehoje.com.br\/novoportal\/wp-json\/wp\/v2\/posts\/48678","targetHints":{"allow":["GET"]}}],"collection":[{"href":"https:\/\/www.sudoestehoje.com.br\/novoportal\/wp-json\/wp\/v2\/posts"}],"about":[{"href":"https:\/\/www.sudoestehoje.com.br\/novoportal\/wp-json\/wp\/v2\/types\/post"}],"author":[{"embeddable":true,"href":"https:\/\/www.sudoestehoje.com.br\/novoportal\/wp-json\/wp\/v2\/users\/2"}],"replies":[{"embeddable":true,"href":"https:\/\/www.sudoestehoje.com.br\/novoportal\/wp-json\/wp\/v2\/comments?post=48678"}],"version-history":[{"count":3,"href":"https:\/\/www.sudoestehoje.com.br\/novoportal\/wp-json\/wp\/v2\/posts\/48678\/revisions"}],"predecessor-version":[{"id":48681,"href":"https:\/\/www.sudoestehoje.com.br\/novoportal\/wp-json\/wp\/v2\/posts\/48678\/revisions\/48681"}],"wp:attachment":[{"href":"https:\/\/www.sudoestehoje.com.br\/novoportal\/wp-json\/wp\/v2\/media?parent=48678"}],"wp:term":[{"taxonomy":"category","embeddable":true,"href":"https:\/\/www.sudoestehoje.com.br\/novoportal\/wp-json\/wp\/v2\/categories?post=48678"},{"taxonomy":"post_tag","embeddable":true,"href":"https:\/\/www.sudoestehoje.com.br\/novoportal\/wp-json\/wp\/v2\/tags?post=48678"}],"curies":[{"name":"wp","href":"https:\/\/api.w.org\/{rel}","templated":true}]}}