
{"id":48668,"date":"2015-04-24T17:46:05","date_gmt":"2015-04-24T20:46:05","guid":{"rendered":"http:\/\/www.sudoestehoje.com.br\/novoportal\/?p=48668"},"modified":"2015-04-26T01:11:26","modified_gmt":"2015-04-26T04:11:26","slug":"azaleia-ameaca-demitir-em-massa-e-fechar-fabrica-em-itapetinga","status":"publish","type":"post","link":"https:\/\/www.sudoestehoje.com.br\/novoportal\/2015\/04\/24\/azaleia-ameaca-demitir-em-massa-e-fechar-fabrica-em-itapetinga\/","title":{"rendered":"AZAL\u00c9IA AMEA\u00c7A DEMITIR EM MASSA E FECHAR F\u00c1BRICA EM ITAPETINGA"},"content":{"rendered":"<p><a href=\"http:\/\/www.sudoestehoje.com.br\/novoportal\/wp-content\/uploads\/2015\/04\/D2.jpg\"><img loading=\"lazy\" decoding=\"async\" class=\"aligncenter size-medium wp-image-48670\" src=\"http:\/\/www.sudoestehoje.com.br\/novoportal\/wp-content\/uploads\/2015\/04\/D2-500x281.jpg\" alt=\"D2\" width=\"500\" height=\"281\" srcset=\"https:\/\/www.sudoestehoje.com.br\/novoportal\/wp-content\/uploads\/2015\/04\/D2-500x281.jpg 500w, https:\/\/www.sudoestehoje.com.br\/novoportal\/wp-content\/uploads\/2015\/04\/D2-700x393.jpg 700w, https:\/\/www.sudoestehoje.com.br\/novoportal\/wp-content\/uploads\/2015\/04\/D2-150x84.jpg 150w, https:\/\/www.sudoestehoje.com.br\/novoportal\/wp-content\/uploads\/2015\/04\/D2.jpg 960w\" sizes=\"auto, (max-width: 500px) 100vw, 500px\" \/><\/a><\/p>\n<p>Diante do impasse entre o Sindicato de Verdade e a Vulcabras\/Azaleia, nas negocia\u00e7\u00f5es salariais, a dire\u00e7\u00e3o da f\u00e1brica adotou a estrat\u00e9gia de pressionar os funcion\u00e1rios com amea\u00e7as expl\u00edcitas de demiss\u00f5es em massa e fechamento da f\u00e1brica de cal\u00e7ados em Itapetinga, \u00faltima unidade da empresa na Bahia.<\/p>\n<p>Segundo empregados da f\u00e1brica e sindicalistas, amea\u00e7as est\u00e3o sendo feitas no interior da f\u00e1brica, alertando que a empresa n\u00e3o pode pagar os sal\u00e1rios propostos pelo sindicato, e que quem ficar a favor do movimento sindical \u00e9 contra a f\u00e1brica, podendo ser demitido sumariamente.<\/p>\n<p>A amea\u00e7a de fechar a unidade em Itapetinga tamb\u00e9m \u00e9 permanente no ambiente da ind\u00fastria, cuja venda est\u00e1 sendo negociada com a Adidas e um grupo de investidores internacionais, que j\u00e1 teriam deixado claro que o fechamento da Planta da Bahia \u00e9 inevit\u00e1vel, o que deve ser consumado at\u00e9 meados de 2016.<\/p>\n<p>O sindicato da categoria e os funcion\u00e1rios da Vulcabras\/Azaleia continuam em campanha salarial, apesar das constantes amea\u00e7as da dire\u00e7\u00e3o da ind\u00fastria.<\/p>\n<p><strong><em>Por Davi Ferraz\u00a0<\/em><\/strong><\/p>\n<p><img decoding=\"async\" class=\"aligncenter\" src=\"http:\/\/www.sudoestehoje.com.br\/novoportal\/wp-content\/uploads\/2014\/12\/skala-novo.jpg\" alt=\"skala novo\" \/><\/p>\n","protected":false},"excerpt":{"rendered":"<p>Diante do impasse entre o Sindicato de Verdade e a Vulcabras\/Azaleia, nas negocia\u00e7\u00f5es salariais, a dire\u00e7\u00e3o da f\u00e1brica adotou a estrat\u00e9gia de pressionar os funcion\u00e1rios com amea\u00e7as expl\u00edcitas de demiss\u00f5es em massa e fechamento da f\u00e1brica de cal\u00e7ados em Itapetinga, \u00faltima unidade da empresa na Bahia. Segundo empregados da f\u00e1brica e sindicalistas, amea\u00e7as est\u00e3o sendo [&hellip;]<\/p>\n","protected":false},"author":2,"featured_media":0,"comment_status":"open","ping_status":"open","sticky":false,"template":"","format":"standard","meta":{"footnotes":"","_links_to":"","_links_to_target":""},"categories":[1],"tags":[],"class_list":["post-48668","post","type-post","status-publish","format-standard","hentry","category-geral"],"views":2437,"_links":{"self":[{"href":"https:\/\/www.sudoestehoje.com.br\/novoportal\/wp-json\/wp\/v2\/posts\/48668","targetHints":{"allow":["GET"]}}],"collection":[{"href":"https:\/\/www.sudoestehoje.com.br\/novoportal\/wp-json\/wp\/v2\/posts"}],"about":[{"href":"https:\/\/www.sudoestehoje.com.br\/novoportal\/wp-json\/wp\/v2\/types\/post"}],"author":[{"embeddable":true,"href":"https:\/\/www.sudoestehoje.com.br\/novoportal\/wp-json\/wp\/v2\/users\/2"}],"replies":[{"embeddable":true,"href":"https:\/\/www.sudoestehoje.com.br\/novoportal\/wp-json\/wp\/v2\/comments?post=48668"}],"version-history":[{"count":6,"href":"https:\/\/www.sudoestehoje.com.br\/novoportal\/wp-json\/wp\/v2\/posts\/48668\/revisions"}],"predecessor-version":[{"id":48695,"href":"https:\/\/www.sudoestehoje.com.br\/novoportal\/wp-json\/wp\/v2\/posts\/48668\/revisions\/48695"}],"wp:attachment":[{"href":"https:\/\/www.sudoestehoje.com.br\/novoportal\/wp-json\/wp\/v2\/media?parent=48668"}],"wp:term":[{"taxonomy":"category","embeddable":true,"href":"https:\/\/www.sudoestehoje.com.br\/novoportal\/wp-json\/wp\/v2\/categories?post=48668"},{"taxonomy":"post_tag","embeddable":true,"href":"https:\/\/www.sudoestehoje.com.br\/novoportal\/wp-json\/wp\/v2\/tags?post=48668"}],"curies":[{"name":"wp","href":"https:\/\/api.w.org\/{rel}","templated":true}]}}