
{"id":48648,"date":"2015-04-23T22:13:22","date_gmt":"2015-04-24T01:13:22","guid":{"rendered":"http:\/\/www.sudoestehoje.com.br\/novoportal\/?p=48648"},"modified":"2015-04-23T23:33:02","modified_gmt":"2015-04-24T02:33:02","slug":"lucio-e-herzem-tentam-evitar-cancelamentos-de-voos-em-conquista","status":"publish","type":"post","link":"https:\/\/www.sudoestehoje.com.br\/novoportal\/2015\/04\/23\/lucio-e-herzem-tentam-evitar-cancelamentos-de-voos-em-conquista\/","title":{"rendered":"L\u00daCIO E HERZEM TENTAM EVITAR CANCELAMENTOS DE VOOS EM CONQUISTA"},"content":{"rendered":"<p><a href=\"http:\/\/www.sudoestehoje.com.br\/novoportal\/wp-content\/uploads\/2015\/04\/Herzem-e-Lucio.jpg\"><img loading=\"lazy\" decoding=\"async\" class=\"aligncenter  wp-image-48650\" src=\"http:\/\/www.sudoestehoje.com.br\/novoportal\/wp-content\/uploads\/2015\/04\/Herzem-e-Lucio.jpg\" alt=\"Herzem-e-Lucio\" width=\"500\" height=\"334\" srcset=\"https:\/\/www.sudoestehoje.com.br\/novoportal\/wp-content\/uploads\/2015\/04\/Herzem-e-Lucio.jpg 430w, https:\/\/www.sudoestehoje.com.br\/novoportal\/wp-content\/uploads\/2015\/04\/Herzem-e-Lucio-150x100.jpg 150w\" sizes=\"auto, (max-width: 500px) 100vw, 500px\" \/><\/a><\/p>\n<p>Na manh\u00e3 desta quinta-feira (23), o deputado estadual Herzem Gusm\u00e3o (PMDB) e o deputado federal L\u00facio Vieira Lima (PMDB) iniciaram uma articula\u00e7\u00e3o, junto a Secretaria de Avia\u00e7\u00e3o Civil, para a instala\u00e7\u00e3o do equipamento de balizamento de pouso (ISL), no aeroporto Pedro Otac\u00edlio Figueiredo. Este aparelho resolveria o problema da quantidade de voos cancelados devido as condi\u00e7\u00f5es meteorol\u00f3gicas de Vit\u00f3ria da Conquista, principalmente no inverno.<\/p>\n<p>O deputado Herzem fez um comparativo com a cidade de Campina Grande, na Para\u00edba, que j\u00e1 possui o equipamento, mesmo tendo menos da metade do volume de poucos e decolagens que Conquista. \u201cDe janeiro a fevereiro deste ano Campina Grande registrou apenas 532 pousos e decolagens e Vit\u00f3ria da Conquista alcan\u00e7ou a marca de 1.288\u201d.<\/p>\n<p><strong>Infraero<\/strong><\/p>\n<p>Ainda sobre o aeroporto, o deputado estadual lamentou a n\u00e3o renova\u00e7\u00e3o do contrato com a Infraero. \u201cMesmo ap\u00f3s 30 anos de atua\u00e7\u00e3o da Infraero em Vit\u00f3ria da Conquista, o Governo do Estado n\u00e3o renova o contrato com a empresa estatal e coloca uma empresa [Reyco] que est\u00e1 atuando com poucos funcion\u00e1rios e n\u00e3o possui a mesma experi\u00eancia da Infraero\u201d, comentou Herzem. Ele tamb\u00e9m garantiu que acionar\u00e1 o deputado L\u00facio Vieira Lima para buscar informa\u00e7\u00f5es sobre a interrup\u00e7\u00e3o do contrato com a Infraero. Resenha Geral<\/p>\n<p><a href=\"http:\/\/www.sudoestehoje.com.br\/novoportal\/wp-content\/uploads\/2015\/04\/rezende.jpg\"><img loading=\"lazy\" decoding=\"async\" class=\"aligncenter size-medium wp-image-48661\" src=\"http:\/\/www.sudoestehoje.com.br\/novoportal\/wp-content\/uploads\/2015\/04\/rezende-500x163.jpg\" alt=\"rezende\" width=\"500\" height=\"163\" srcset=\"https:\/\/www.sudoestehoje.com.br\/novoportal\/wp-content\/uploads\/2015\/04\/rezende-500x163.jpg 500w, https:\/\/www.sudoestehoje.com.br\/novoportal\/wp-content\/uploads\/2015\/04\/rezende-150x49.jpg 150w, https:\/\/www.sudoestehoje.com.br\/novoportal\/wp-content\/uploads\/2015\/04\/rezende.jpg 550w\" sizes=\"auto, (max-width: 500px) 100vw, 500px\" \/><\/a><\/p>\n<p>&nbsp;<\/p>\n","protected":false},"excerpt":{"rendered":"<p>Na manh\u00e3 desta quinta-feira (23), o deputado estadual Herzem Gusm\u00e3o (PMDB) e o deputado federal L\u00facio Vieira Lima (PMDB) iniciaram uma articula\u00e7\u00e3o, junto a Secretaria de Avia\u00e7\u00e3o Civil, para a instala\u00e7\u00e3o do equipamento de balizamento de pouso (ISL), no aeroporto Pedro Otac\u00edlio Figueiredo. Este aparelho resolveria o problema da quantidade de voos cancelados devido as [&hellip;]<\/p>\n","protected":false},"author":2,"featured_media":0,"comment_status":"open","ping_status":"open","sticky":false,"template":"","format":"standard","meta":{"footnotes":"","_links_to":"","_links_to_target":""},"categories":[1],"tags":[],"class_list":["post-48648","post","type-post","status-publish","format-standard","hentry","category-geral"],"views":1411,"_links":{"self":[{"href":"https:\/\/www.sudoestehoje.com.br\/novoportal\/wp-json\/wp\/v2\/posts\/48648","targetHints":{"allow":["GET"]}}],"collection":[{"href":"https:\/\/www.sudoestehoje.com.br\/novoportal\/wp-json\/wp\/v2\/posts"}],"about":[{"href":"https:\/\/www.sudoestehoje.com.br\/novoportal\/wp-json\/wp\/v2\/types\/post"}],"author":[{"embeddable":true,"href":"https:\/\/www.sudoestehoje.com.br\/novoportal\/wp-json\/wp\/v2\/users\/2"}],"replies":[{"embeddable":true,"href":"https:\/\/www.sudoestehoje.com.br\/novoportal\/wp-json\/wp\/v2\/comments?post=48648"}],"version-history":[{"count":5,"href":"https:\/\/www.sudoestehoje.com.br\/novoportal\/wp-json\/wp\/v2\/posts\/48648\/revisions"}],"predecessor-version":[{"id":48663,"href":"https:\/\/www.sudoestehoje.com.br\/novoportal\/wp-json\/wp\/v2\/posts\/48648\/revisions\/48663"}],"wp:attachment":[{"href":"https:\/\/www.sudoestehoje.com.br\/novoportal\/wp-json\/wp\/v2\/media?parent=48648"}],"wp:term":[{"taxonomy":"category","embeddable":true,"href":"https:\/\/www.sudoestehoje.com.br\/novoportal\/wp-json\/wp\/v2\/categories?post=48648"},{"taxonomy":"post_tag","embeddable":true,"href":"https:\/\/www.sudoestehoje.com.br\/novoportal\/wp-json\/wp\/v2\/tags?post=48648"}],"curies":[{"name":"wp","href":"https:\/\/api.w.org\/{rel}","templated":true}]}}