
{"id":48643,"date":"2015-04-23T21:48:15","date_gmt":"2015-04-24T00:48:15","guid":{"rendered":"http:\/\/www.sudoestehoje.com.br\/novoportal\/?p=48643"},"modified":"2015-04-23T22:40:02","modified_gmt":"2015-04-24T01:40:02","slug":"funcionalismo-sandro-regis-diz-que-rui-costa-prova-do-proprio-veneno","status":"publish","type":"post","link":"https:\/\/www.sudoestehoje.com.br\/novoportal\/2015\/04\/23\/funcionalismo-sandro-regis-diz-que-rui-costa-prova-do-proprio-veneno\/","title":{"rendered":"FUNCIONALISMO: SANDRO REGIS DIZ QUE RUI COSTA PROVA DO PR\u00d3PRIO VENENO"},"content":{"rendered":"<p><a href=\"http:\/\/www.sudoestehoje.com.br\/novoportal\/wp-content\/uploads\/2015\/04\/SR.jpg\"><img loading=\"lazy\" decoding=\"async\" class=\"aligncenter size-medium wp-image-48644\" src=\"http:\/\/www.sudoestehoje.com.br\/novoportal\/wp-content\/uploads\/2015\/04\/SR-500x271.jpg\" alt=\"SR\" width=\"500\" height=\"271\" srcset=\"https:\/\/www.sudoestehoje.com.br\/novoportal\/wp-content\/uploads\/2015\/04\/SR-500x271.jpg 500w, https:\/\/www.sudoestehoje.com.br\/novoportal\/wp-content\/uploads\/2015\/04\/SR-150x81.jpg 150w, https:\/\/www.sudoestehoje.com.br\/novoportal\/wp-content\/uploads\/2015\/04\/SR.jpg 590w\" sizes=\"auto, (max-width: 500px) 100vw, 500px\" \/><\/a><\/p>\n<p>Diante das manifesta\u00e7\u00f5es e sinaliza\u00e7\u00e3o de greve por parte das diversas categorias do funcionalismo p\u00fablico estadual o l\u00edder da Oposi\u00e7\u00e3o, Sandro R\u00e9gis (DEM), disse nesta quinta-feira, 23, que o governador Rui Costa vem provando do pr\u00f3prio veneno.<\/p>\n<p>Ele lembrou que desde o governo Wagner os servidores n\u00e3o recebem o tratamento digno e a devida valoriza\u00e7\u00e3o t\u00e3o apregoada durante as campanhas eleitorais petistas \u2013 tanto de Wagner como de Rui Costa \u2013 e imediatamente esquecidas logo ap\u00f3s a posse.\u00a0\u201cH\u00e1 exatos 113 dias de governo n\u00e3o se tem ainda uma defini\u00e7\u00e3o concreta sobre a reposi\u00e7\u00e3o salarial dos servidores\u201d, criticou R\u00e9gis, observando que esse resultado \u00e9 fruto da heran\u00e7a maldita deixada pelo ex- governador Wagner e legitimada pelo atual governador Rui Costa, quando ainda era secret\u00e1rio de estado e um dos homens fortes do governo.<\/p>\n<p>Para o democrata \u2013 que vem sendo constantemente procurado por representantes da categoria para solicitar o apoio da bancada de oposi\u00e7\u00e3o \u2013 , ao longo dos oito anos, o governo Wagner conseguiu levar o Estado da Bahia a uma crise financeira profunda, deixando o seu sucessor com as contas quebradas. \u201c\u00a8Vou repetir o que disse antes: ou o governo Rui Costa quebrou o Estado em 100 dias ou foi enganado pelo seu antecessor Jaques Wagner\u201d, refor\u00e7ou. Pol\u00edtica Livre<a href=\"http:\/\/www.sudoestehoje.com.br\/novoportal\/wp-content\/uploads\/2015\/04\/SR.jpg\"><br \/>\n<\/a><\/p>\n<p><img decoding=\"async\" class=\"aligncenter\" src=\"http:\/\/www.sudoestehoje.com.br\/novoportal\/wp-content\/uploads\/2014\/07\/Feira-do-Lar-1.png\" alt=\"Feira-do-Lar (1)\" \/><\/p>\n","protected":false},"excerpt":{"rendered":"<p>Diante das manifesta\u00e7\u00f5es e sinaliza\u00e7\u00e3o de greve por parte das diversas categorias do funcionalismo p\u00fablico estadual o l\u00edder da Oposi\u00e7\u00e3o, Sandro R\u00e9gis (DEM), disse nesta quinta-feira, 23, que o governador Rui Costa vem provando do pr\u00f3prio veneno. Ele lembrou que desde o governo Wagner os servidores n\u00e3o recebem o tratamento digno e a devida valoriza\u00e7\u00e3o [&hellip;]<\/p>\n","protected":false},"author":2,"featured_media":0,"comment_status":"open","ping_status":"open","sticky":false,"template":"","format":"standard","meta":{"footnotes":"","_links_to":"","_links_to_target":""},"categories":[1],"tags":[],"class_list":["post-48643","post","type-post","status-publish","format-standard","hentry","category-geral"],"views":1378,"_links":{"self":[{"href":"https:\/\/www.sudoestehoje.com.br\/novoportal\/wp-json\/wp\/v2\/posts\/48643","targetHints":{"allow":["GET"]}}],"collection":[{"href":"https:\/\/www.sudoestehoje.com.br\/novoportal\/wp-json\/wp\/v2\/posts"}],"about":[{"href":"https:\/\/www.sudoestehoje.com.br\/novoportal\/wp-json\/wp\/v2\/types\/post"}],"author":[{"embeddable":true,"href":"https:\/\/www.sudoestehoje.com.br\/novoportal\/wp-json\/wp\/v2\/users\/2"}],"replies":[{"embeddable":true,"href":"https:\/\/www.sudoestehoje.com.br\/novoportal\/wp-json\/wp\/v2\/comments?post=48643"}],"version-history":[{"count":4,"href":"https:\/\/www.sudoestehoje.com.br\/novoportal\/wp-json\/wp\/v2\/posts\/48643\/revisions"}],"predecessor-version":[{"id":48653,"href":"https:\/\/www.sudoestehoje.com.br\/novoportal\/wp-json\/wp\/v2\/posts\/48643\/revisions\/48653"}],"wp:attachment":[{"href":"https:\/\/www.sudoestehoje.com.br\/novoportal\/wp-json\/wp\/v2\/media?parent=48643"}],"wp:term":[{"taxonomy":"category","embeddable":true,"href":"https:\/\/www.sudoestehoje.com.br\/novoportal\/wp-json\/wp\/v2\/categories?post=48643"},{"taxonomy":"post_tag","embeddable":true,"href":"https:\/\/www.sudoestehoje.com.br\/novoportal\/wp-json\/wp\/v2\/tags?post=48643"}],"curies":[{"name":"wp","href":"https:\/\/api.w.org\/{rel}","templated":true}]}}