
{"id":48632,"date":"2015-04-23T21:33:07","date_gmt":"2015-04-24T00:33:07","guid":{"rendered":"http:\/\/www.sudoestehoje.com.br\/novoportal\/?p=48632"},"modified":"2015-04-23T22:42:51","modified_gmt":"2015-04-24T01:42:51","slug":"residencia-dos-estudantes-de-itapetinga-em-salvador-pode-ser-interditada-pela-defesa-civil","status":"publish","type":"post","link":"https:\/\/www.sudoestehoje.com.br\/novoportal\/2015\/04\/23\/residencia-dos-estudantes-de-itapetinga-em-salvador-pode-ser-interditada-pela-defesa-civil\/","title":{"rendered":"RESID\u00caNCIA DOS ESTUDANTES DE ITAPETINGA EM SALVADOR PODE SER INTERDITADA PELA DEFESA CIVIL"},"content":{"rendered":"<p><a href=\"http:\/\/www.sudoestehoje.com.br\/novoportal\/wp-content\/uploads\/2015\/04\/resita-1.jpg\"><img loading=\"lazy\" decoding=\"async\" class=\"aligncenter size-medium wp-image-48633\" src=\"http:\/\/www.sudoestehoje.com.br\/novoportal\/wp-content\/uploads\/2015\/04\/resita-1-500x375.jpg\" alt=\"resita 1\" width=\"500\" height=\"375\" srcset=\"https:\/\/www.sudoestehoje.com.br\/novoportal\/wp-content\/uploads\/2015\/04\/resita-1-500x375.jpg 500w, https:\/\/www.sudoestehoje.com.br\/novoportal\/wp-content\/uploads\/2015\/04\/resita-1-700x525.jpg 700w, https:\/\/www.sudoestehoje.com.br\/novoportal\/wp-content\/uploads\/2015\/04\/resita-1-150x113.jpg 150w, https:\/\/www.sudoestehoje.com.br\/novoportal\/wp-content\/uploads\/2015\/04\/resita-1.jpg 960w\" sizes=\"auto, (max-width: 500px) 100vw, 500px\" \/><\/a><\/p>\n<p>Em sua p\u00e1gina no Facebook, o vereador Alfredo Cabral de Assis postou uma grave den\u00fancia sobre o estado de total abandono da Resita &#8211; Resid\u00eancia dos Estudantes de Itapetinga, localizada no antigo bairro da Sa\u00fade, em Salvador. Confira a den\u00fancia do vereador, na \u00edntegra, e as fotos recentes da Resita.<\/p>\n<p><a href=\"http:\/\/www.sudoestehoje.com.br\/novoportal\/wp-content\/uploads\/2015\/04\/resita-2.jpg\"><img loading=\"lazy\" decoding=\"async\" class=\"aligncenter size-medium wp-image-48634\" src=\"http:\/\/www.sudoestehoje.com.br\/novoportal\/wp-content\/uploads\/2015\/04\/resita-2-500x375.jpg\" alt=\"resita 2\" width=\"500\" height=\"375\" srcset=\"https:\/\/www.sudoestehoje.com.br\/novoportal\/wp-content\/uploads\/2015\/04\/resita-2-500x375.jpg 500w, https:\/\/www.sudoestehoje.com.br\/novoportal\/wp-content\/uploads\/2015\/04\/resita-2-700x525.jpg 700w, https:\/\/www.sudoestehoje.com.br\/novoportal\/wp-content\/uploads\/2015\/04\/resita-2-150x113.jpg 150w, https:\/\/www.sudoestehoje.com.br\/novoportal\/wp-content\/uploads\/2015\/04\/resita-2.jpg 960w\" sizes=\"auto, (max-width: 500px) 100vw, 500px\" \/><\/a><\/p>\n<p><em>&#8220;J\u00e1 denunciado pelo Vereador Alfredo Cabral de Assis (PSD), em novembro de 2014, o qual foi pessoalmente visitar a RESITA, pelo descaso da Secretaria de Educa\u00e7\u00e3o\/Prefeitura de Itapetinga. Os problemas se agravaram e o estado em que se encontra a Resid\u00eancia dos Estudantes de Itapetinga em Salvador, est\u00e1 em estado de calamidade, com telhado comprometido, quando chove molha pr<span class=\"text_exposed_show\">aticamente toda a casa, com infiltra\u00e7\u00f5es nas paredes e assoalho, forro da biblioteca prestes a desabar, caix\u00e3o de portas, portas e janelas com cupins, etc.\u00a0<\/span>Os residentes est\u00e3o convivendo no meio dos cupins.<\/em><\/p>\n<p><a href=\"http:\/\/www.sudoestehoje.com.br\/novoportal\/wp-content\/uploads\/2015\/04\/resita-3.jpg\"><img loading=\"lazy\" decoding=\"async\" class=\"aligncenter size-medium wp-image-48635\" src=\"http:\/\/www.sudoestehoje.com.br\/novoportal\/wp-content\/uploads\/2015\/04\/resita-3-500x375.jpg\" alt=\"resita 3\" width=\"500\" height=\"375\" srcset=\"https:\/\/www.sudoestehoje.com.br\/novoportal\/wp-content\/uploads\/2015\/04\/resita-3-500x375.jpg 500w, https:\/\/www.sudoestehoje.com.br\/novoportal\/wp-content\/uploads\/2015\/04\/resita-3-700x525.jpg 700w, https:\/\/www.sudoestehoje.com.br\/novoportal\/wp-content\/uploads\/2015\/04\/resita-3-150x113.jpg 150w, https:\/\/www.sudoestehoje.com.br\/novoportal\/wp-content\/uploads\/2015\/04\/resita-3.jpg 960w\" sizes=\"auto, (max-width: 500px) 100vw, 500px\" \/><\/a><\/p>\n<div class=\"text_exposed_show\">\n<p><em>Reivindica\u00e7\u00f5es dos estudantes foram entregues pessoalmente a Secret\u00e1ria de Educa\u00e7\u00e3o logo que tomou posse em visita a resid\u00eancia, mas at\u00e9 hoje n\u00e3o foram atendidas.<\/em><\/p>\n<p><a href=\"http:\/\/www.sudoestehoje.com.br\/novoportal\/wp-content\/uploads\/2015\/04\/resita-4.jpg\"><img loading=\"lazy\" decoding=\"async\" class=\"aligncenter size-medium wp-image-48636\" src=\"http:\/\/www.sudoestehoje.com.br\/novoportal\/wp-content\/uploads\/2015\/04\/resita-4-500x375.jpg\" alt=\"resita 4\" width=\"500\" height=\"375\" srcset=\"https:\/\/www.sudoestehoje.com.br\/novoportal\/wp-content\/uploads\/2015\/04\/resita-4-500x375.jpg 500w, https:\/\/www.sudoestehoje.com.br\/novoportal\/wp-content\/uploads\/2015\/04\/resita-4-700x525.jpg 700w, https:\/\/www.sudoestehoje.com.br\/novoportal\/wp-content\/uploads\/2015\/04\/resita-4-150x113.jpg 150w, https:\/\/www.sudoestehoje.com.br\/novoportal\/wp-content\/uploads\/2015\/04\/resita-4.jpg 960w\" sizes=\"auto, (max-width: 500px) 100vw, 500px\" \/><\/a><\/p>\n<p><em>O vereador Alfredo Cabral de Assis foi procurado por pai de Aluno inconformado com o descaso e alegando que pode a qualquer momento a Defesa Civil interditar a casa, o que seria um absurdo.\u00a0<\/em><em>A casa \u00e9 antiga e precisa de manuten\u00e7\u00e3o peri\u00f3dica. Fica localizada na Sa\u00fade &#8211; Centro Hist\u00f3rico de Salvador.<\/em><\/p>\n<p><a href=\"http:\/\/www.sudoestehoje.com.br\/novoportal\/wp-content\/uploads\/2015\/04\/resita-5.jpg\"><img loading=\"lazy\" decoding=\"async\" class=\"aligncenter size-medium wp-image-48637\" src=\"http:\/\/www.sudoestehoje.com.br\/novoportal\/wp-content\/uploads\/2015\/04\/resita-5-500x667.jpg\" alt=\"resita 5\" width=\"500\" height=\"667\" srcset=\"https:\/\/www.sudoestehoje.com.br\/novoportal\/wp-content\/uploads\/2015\/04\/resita-5-500x667.jpg 500w, https:\/\/www.sudoestehoje.com.br\/novoportal\/wp-content\/uploads\/2015\/04\/resita-5-675x900.jpg 675w, https:\/\/www.sudoestehoje.com.br\/novoportal\/wp-content\/uploads\/2015\/04\/resita-5-113x150.jpg 113w, https:\/\/www.sudoestehoje.com.br\/novoportal\/wp-content\/uploads\/2015\/04\/resita-5.jpg 720w\" sizes=\"auto, (max-width: 500px) 100vw, 500px\" \/><\/a><\/p>\n<p><em>Em 2011 foram efetuados alguns servi\u00e7os, mas segundo residentes, caix\u00f5es de portas, portas e janelas foram pintadas por cima dos cupins. O telhado que foi feito ficou com defeitos, quando chove penetra muita \u00e1gua na casa.<\/em><\/p>\n<p><a href=\"http:\/\/www.sudoestehoje.com.br\/novoportal\/wp-content\/uploads\/2015\/04\/resita-6.jpg\"><img loading=\"lazy\" decoding=\"async\" class=\"aligncenter size-medium wp-image-48638\" src=\"http:\/\/www.sudoestehoje.com.br\/novoportal\/wp-content\/uploads\/2015\/04\/resita-6-500x667.jpg\" alt=\"resita 6\" width=\"500\" height=\"667\" srcset=\"https:\/\/www.sudoestehoje.com.br\/novoportal\/wp-content\/uploads\/2015\/04\/resita-6-500x667.jpg 500w, https:\/\/www.sudoestehoje.com.br\/novoportal\/wp-content\/uploads\/2015\/04\/resita-6-675x900.jpg 675w, https:\/\/www.sudoestehoje.com.br\/novoportal\/wp-content\/uploads\/2015\/04\/resita-6-113x150.jpg 113w, https:\/\/www.sudoestehoje.com.br\/novoportal\/wp-content\/uploads\/2015\/04\/resita-6.jpg 720w\" sizes=\"auto, (max-width: 500px) 100vw, 500px\" \/><\/a><\/p>\n<p><em>A RESITA foi adquirida pelo Saudoso Prefeito Jos\u00e9 Vaz Sampaio Espinheira, atendendo reivindica\u00e7\u00f5es da popula\u00e7\u00e3o de Itapetinga, para servir aos estudantes de pouco poder aquisitivo e teriam que se deslocarem para Salvador, visando um curso superior. No longo do tempo v\u00e1rios Itapetinguenses passaram pela RESITA.\u00a0<\/em><em>Esse \u00e9 um Patrim\u00f4nio do munic\u00edpio de Itapetinga e precisa ser preservado. \u00c9 uma responsabilidade do Executivo. Alfredo Cabral.&#8221;.<a href=\"http:\/\/www.sudoestehoje.com.br\/novoportal\/wp-content\/uploads\/2015\/04\/resita-4.jpg\"><br \/>\n<\/a><\/em><\/p>\n<p><strong><em>Por Davi Ferraz<\/em><\/strong><\/p>\n<p><img decoding=\"async\" class=\"aligncenter\" src=\"http:\/\/www.sudoestehoje.com.br\/novoportal\/wp-content\/uploads\/2014\/12\/Banner-Casabella-500x104.jpg\" alt=\"Banner Casabella\" \/><\/p>\n<\/div>\n","protected":false},"excerpt":{"rendered":"<p>Em sua p\u00e1gina no Facebook, o vereador Alfredo Cabral de Assis postou uma grave den\u00fancia sobre o estado de total abandono da Resita &#8211; Resid\u00eancia dos Estudantes de Itapetinga, localizada no antigo bairro da Sa\u00fade, em Salvador. Confira a den\u00fancia do vereador, na \u00edntegra, e as fotos recentes da Resita. &#8220;J\u00e1 denunciado pelo Vereador Alfredo [&hellip;]<\/p>\n","protected":false},"author":2,"featured_media":0,"comment_status":"open","ping_status":"open","sticky":false,"template":"","format":"standard","meta":{"footnotes":"","_links_to":"","_links_to_target":""},"categories":[1],"tags":[],"class_list":["post-48632","post","type-post","status-publish","format-standard","hentry","category-geral"],"views":2328,"_links":{"self":[{"href":"https:\/\/www.sudoestehoje.com.br\/novoportal\/wp-json\/wp\/v2\/posts\/48632","targetHints":{"allow":["GET"]}}],"collection":[{"href":"https:\/\/www.sudoestehoje.com.br\/novoportal\/wp-json\/wp\/v2\/posts"}],"about":[{"href":"https:\/\/www.sudoestehoje.com.br\/novoportal\/wp-json\/wp\/v2\/types\/post"}],"author":[{"embeddable":true,"href":"https:\/\/www.sudoestehoje.com.br\/novoportal\/wp-json\/wp\/v2\/users\/2"}],"replies":[{"embeddable":true,"href":"https:\/\/www.sudoestehoje.com.br\/novoportal\/wp-json\/wp\/v2\/comments?post=48632"}],"version-history":[{"count":5,"href":"https:\/\/www.sudoestehoje.com.br\/novoportal\/wp-json\/wp\/v2\/posts\/48632\/revisions"}],"predecessor-version":[{"id":48654,"href":"https:\/\/www.sudoestehoje.com.br\/novoportal\/wp-json\/wp\/v2\/posts\/48632\/revisions\/48654"}],"wp:attachment":[{"href":"https:\/\/www.sudoestehoje.com.br\/novoportal\/wp-json\/wp\/v2\/media?parent=48632"}],"wp:term":[{"taxonomy":"category","embeddable":true,"href":"https:\/\/www.sudoestehoje.com.br\/novoportal\/wp-json\/wp\/v2\/categories?post=48632"},{"taxonomy":"post_tag","embeddable":true,"href":"https:\/\/www.sudoestehoje.com.br\/novoportal\/wp-json\/wp\/v2\/tags?post=48632"}],"curies":[{"name":"wp","href":"https:\/\/api.w.org\/{rel}","templated":true}]}}