
{"id":48627,"date":"2015-04-23T20:57:01","date_gmt":"2015-04-23T23:57:01","guid":{"rendered":"http:\/\/www.sudoestehoje.com.br\/novoportal\/?p=48627"},"modified":"2015-04-23T22:43:56","modified_gmt":"2015-04-24T01:43:56","slug":"pt-retira-propaganda-do-comite","status":"publish","type":"post","link":"https:\/\/www.sudoestehoje.com.br\/novoportal\/2015\/04\/23\/pt-retira-propaganda-do-comite\/","title":{"rendered":"PT RETIRA PROPAGANDA DO COMIT\u00ca"},"content":{"rendered":"<p><a href=\"http:\/\/www.sudoestehoje.com.br\/novoportal\/wp-content\/uploads\/2015\/04\/comite.jpg\"><img loading=\"lazy\" decoding=\"async\" class=\"aligncenter size-medium wp-image-48628\" src=\"http:\/\/www.sudoestehoje.com.br\/novoportal\/wp-content\/uploads\/2015\/04\/comite-500x300.jpg\" alt=\"comite\" width=\"500\" height=\"300\" srcset=\"https:\/\/www.sudoestehoje.com.br\/novoportal\/wp-content\/uploads\/2015\/04\/comite-500x300.jpg 500w, https:\/\/www.sudoestehoje.com.br\/novoportal\/wp-content\/uploads\/2015\/04\/comite-700x420.jpg 700w, https:\/\/www.sudoestehoje.com.br\/novoportal\/wp-content\/uploads\/2015\/04\/comite-150x90.jpg 150w, https:\/\/www.sudoestehoje.com.br\/novoportal\/wp-content\/uploads\/2015\/04\/comite.jpg 960w\" sizes=\"auto, (max-width: 500px) 100vw, 500px\" \/><\/a><\/p>\n<p>Depois da mat\u00e9ria do Sudoeste Hoje, denunciando a propaganda pol\u00edtica irregular mantida no antigo comit\u00ea petista, em Itapetinga, os bravos companheiros resolveram retirar os cartazes dos candidatos Dilma, Rui Costa, Otto Alencar, Geraldo Sim\u00f5es e Rosemberg, seis meses depois do pleito.<\/p>\n<p>Assim, a burrada dos petistas locais, que poderia resultar em multas e outras puni\u00e7\u00f5es para os candidatos, fica por conta do &#8216;descuido&#8217; de algum companheiro desavisado.<\/p>\n<p><strong><em>Por Davi Ferraz<\/em><\/strong><\/p>\n<p><img loading=\"lazy\" decoding=\"async\" class=\" aligncenter\" src=\"http:\/\/2.bp.blogspot.com\/-70-eOs__L20\/VPCyusPhXRI\/AAAAAAAACAQ\/KHorKekdACs\/s640\/tarug%C3%A3o1.jpg\" alt=\"\" width=\"501\" height=\"141\" \/><\/p>\n","protected":false},"excerpt":{"rendered":"<p>Depois da mat\u00e9ria do Sudoeste Hoje, denunciando a propaganda pol\u00edtica irregular mantida no antigo comit\u00ea petista, em Itapetinga, os bravos companheiros resolveram retirar os cartazes dos candidatos Dilma, Rui Costa, Otto Alencar, Geraldo Sim\u00f5es e Rosemberg, seis meses depois do pleito. Assim, a burrada dos petistas locais, que poderia resultar em multas e outras puni\u00e7\u00f5es [&hellip;]<\/p>\n","protected":false},"author":2,"featured_media":0,"comment_status":"open","ping_status":"open","sticky":false,"template":"","format":"standard","meta":{"footnotes":"","_links_to":"","_links_to_target":""},"categories":[1],"tags":[],"class_list":["post-48627","post","type-post","status-publish","format-standard","hentry","category-geral"],"views":1183,"_links":{"self":[{"href":"https:\/\/www.sudoestehoje.com.br\/novoportal\/wp-json\/wp\/v2\/posts\/48627","targetHints":{"allow":["GET"]}}],"collection":[{"href":"https:\/\/www.sudoestehoje.com.br\/novoportal\/wp-json\/wp\/v2\/posts"}],"about":[{"href":"https:\/\/www.sudoestehoje.com.br\/novoportal\/wp-json\/wp\/v2\/types\/post"}],"author":[{"embeddable":true,"href":"https:\/\/www.sudoestehoje.com.br\/novoportal\/wp-json\/wp\/v2\/users\/2"}],"replies":[{"embeddable":true,"href":"https:\/\/www.sudoestehoje.com.br\/novoportal\/wp-json\/wp\/v2\/comments?post=48627"}],"version-history":[{"count":4,"href":"https:\/\/www.sudoestehoje.com.br\/novoportal\/wp-json\/wp\/v2\/posts\/48627\/revisions"}],"predecessor-version":[{"id":48655,"href":"https:\/\/www.sudoestehoje.com.br\/novoportal\/wp-json\/wp\/v2\/posts\/48627\/revisions\/48655"}],"wp:attachment":[{"href":"https:\/\/www.sudoestehoje.com.br\/novoportal\/wp-json\/wp\/v2\/media?parent=48627"}],"wp:term":[{"taxonomy":"category","embeddable":true,"href":"https:\/\/www.sudoestehoje.com.br\/novoportal\/wp-json\/wp\/v2\/categories?post=48627"},{"taxonomy":"post_tag","embeddable":true,"href":"https:\/\/www.sudoestehoje.com.br\/novoportal\/wp-json\/wp\/v2\/tags?post=48627"}],"curies":[{"name":"wp","href":"https:\/\/api.w.org\/{rel}","templated":true}]}}