
{"id":48548,"date":"2015-04-20T01:12:57","date_gmt":"2015-04-20T04:12:57","guid":{"rendered":"http:\/\/www.sudoestehoje.com.br\/novoportal\/?p=48548"},"modified":"2015-04-20T01:23:59","modified_gmt":"2015-04-20T04:23:59","slug":"secretario-de-saude-confirma-processo-no-justica-federal-mas-se-diz-caluniado-pelo-sudoeste-hoje","status":"publish","type":"post","link":"https:\/\/www.sudoestehoje.com.br\/novoportal\/2015\/04\/20\/secretario-de-saude-confirma-processo-no-justica-federal-mas-se-diz-caluniado-pelo-sudoeste-hoje\/","title":{"rendered":"SECRET\u00c1RIO CONFIRMA PROCESSO NA JUSTI\u00c7A FEDERAL, MAS SE DIZ CALUNIADO PELO SUDOESTE HOJE. CASO SAIU NA TV GLOBO NO ESP\u00cdRITO SANTO"},"content":{"rendered":"<div id=\"attachment_48554\" style=\"width: 510px\" class=\"wp-caption aligncenter\"><a href=\"http:\/\/www.sudoestehoje.com.br\/novoportal\/wp-content\/uploads\/2015\/04\/Dr.-Emanoel-e-Dr.-Danilo-Amado.jpg\"><img loading=\"lazy\" decoding=\"async\" aria-describedby=\"caption-attachment-48554\" class=\"size-medium wp-image-48554\" src=\"http:\/\/www.sudoestehoje.com.br\/novoportal\/wp-content\/uploads\/2015\/04\/Dr.-Emanoel-e-Dr.-Danilo-Amado-500x428.jpg\" alt=\"O esc\u00e2ndalo envolvendo o m\u00e9dico Emmanoel Santos teve grande repercuss\u00e3o no Estado do Esp\u00edrito Santo, em setembro do ano passado, chegando a ser noticiado nos notici\u00e1rios locais da TV Globo e no site G1.\" width=\"500\" height=\"428\" srcset=\"https:\/\/www.sudoestehoje.com.br\/novoportal\/wp-content\/uploads\/2015\/04\/Dr.-Emanoel-e-Dr.-Danilo-Amado-500x428.jpg 500w, https:\/\/www.sudoestehoje.com.br\/novoportal\/wp-content\/uploads\/2015\/04\/Dr.-Emanoel-e-Dr.-Danilo-Amado-150x129.jpg 150w, https:\/\/www.sudoestehoje.com.br\/novoportal\/wp-content\/uploads\/2015\/04\/Dr.-Emanoel-e-Dr.-Danilo-Amado.jpg 670w\" sizes=\"auto, (max-width: 500px) 100vw, 500px\" \/><\/a><p id=\"caption-attachment-48554\" class=\"wp-caption-text\">O esc\u00e2ndalo envolvendo o m\u00e9dico Emmanoel Santos, atual Secret\u00e1rio de Sa\u00fade de Itapetinga, teve grande repercuss\u00e3o no Estado do Esp\u00edrito Santo, em setembro do ano passado, chegando a ser noticiado pelas emissoras afiliadas da TV Globo e no site G1, tamb\u00e9m da Rede Globo. Dr. Emmanoel foi proibido de manter qualquer tipo de contrato com o poder p\u00fablico, em todo o pa\u00eds, por 3 anos, sendo condenado a pagar uma multa em torno de R$ 60 mil.<\/p><\/div>\n<p>ITAPETINGA: Atrav\u00e9s de Nota P\u00fablica redigida e assinada por um advogado do Esp\u00edrito Santo, o m\u00e9dico Emmanoel Souza Santos, secret\u00e1rio municipal de Sa\u00fade, confirmou a den\u00fancia do site da G1, da Rede Globo (<em><span style=\"color: #0000ff;\"><a style=\"color: #0000ff;\" title=\"Leia o \" href=\"http:\/\/g1.globo.com\/espirito-santo\/noticia\/2014\/09\/justica-federal-condena-medico-por-acumulo-de-cargos-no-es.html\">CONFIRA MAT\u00c9RIA <\/a>AQUI<\/span><\/em>), reproduzida pelo Sudoeste Hoje.<\/p>\n<p>Na Nota P\u00fablica, o advogado do Dr. Emmanoel confirma que ele realmente respondeu a uma <em>A\u00e7\u00e3o de Improbidade Administrativa<\/em> movida pelo Minist\u00e9rio P\u00fablico Federal, sendo condenado pela Justi\u00e7a Federal do Esp\u00edrito Santo a pagar multa pelo il\u00edcito cometido, &#8220;<em>por existir previs\u00e3o legal que pro\u00edba o volume do trabalho contratado&#8221;. <\/em><\/p>\n<p>Mesmo assim, o m\u00e9dico se diz<em> &#8220;caluniado&#8221;<\/em> pelo Sudoeste Hoje, que apenas cumpriu o seu papel de \u00f3rg\u00e3o independente da imprensa local, reproduzindo fielmente a mat\u00e9ria postada em um dos maiores sites de not\u00edcias do Brasil, o\u00a0<span style=\"color: #000080;\"><em><a style=\"color: #000080;\" title=\"Leia o \" href=\"http:\/\/g1.globo.com\/espirito-santo\/noticia\/2014\/09\/justica-federal-condena-medico-por-acumulo-de-cargos-no-es.html\">G1<\/a><\/em><\/span>, assim como tamb\u00e9m fizeram outros blogs de Itapetinga e regi\u00e3o.<\/p>\n<p>CASO SAIU NA TV GLOBO E TV GAZETA<\/p>\n<p>Na \u00e9poca da condena\u00e7\u00e3o do m\u00e9dico, o caso teve grande repercuss\u00e3o no estado do Esp\u00edrito Santo, sendo noticiado na Bom Dia ES (Globo) e ESTV 2\u00aa Edi\u00e7\u00e3o (Globo\/TV Gazeta). Confira videos abaixo:<\/p>\n<p>https:\/\/www.youtube.com\/watch?v=TkRX_SJBBUk<\/p>\n<p>Veja mais:\u00a0<em><span style=\"color: #0000ff;\"><a style=\"color: #0000ff;\" title=\"ESTV\" href=\"http:\/\/globotv.globo.com\/tv-gazeta-es\/estv-2a-edicao\/v\/justica-federal-condena-medico-por-acumulacao-de-cargos-publicos-no-noroeste-do-es\/3621577\/\">GLOBO\/GAZETA 2\u00aa EDI\u00c7\u00c3O<\/a><\/span><\/em><\/p>\n<p>Confira abaixo a Nota P\u00fablica contradit\u00f3ria do secret\u00e1rio de Sa\u00fade, encaminhada \u00e0 nossa reda\u00e7\u00e3o pela Assessoria de Comunica\u00e7\u00e3o da Prefeitura Municipal de Itapetinga, em que ele confessa, com todas as letras, todo o teor da den\u00fancia:<!--more--><\/p>\n<p><strong>NOTA P\u00daBLICA<\/strong><\/p>\n<p>O Secret\u00e1rio Municipal de Sa\u00fade de Itapetinga, por raz\u00e3o do comportamento do s\u00edtio virtual <span style=\"text-decoration: underline;\">sudoestehoje.com.br<\/span> que em meio a mentiras tendenciosas apresenta \u00e0 sociedade que ele foi condenado pela Justi\u00e7a Federal da Segunda Regi\u00e3o por haver causado dano aos cofres p\u00fablicos no Estado do Esp\u00edrito Santo, vem expor aos Itapetinguenses qual foi o pronunciamento verdadeiro do Poder Judici\u00e1rio com rela\u00e7\u00e3o a sua presta\u00e7\u00e3o de servi\u00e7os m\u00e9dicos no Estado do Esp\u00edrito Santo.<\/p>\n<ol>\n<li>A not\u00e1vel institui\u00e7\u00e3o do Minist\u00e9rio P\u00fablico Federal demandou A\u00e7\u00e3o de Improbidade Administrativa em desfavor do Dr. Emmanoel Souza Santos por, dentre <strong><span style=\"text-decoration: underline;\">14 de Janeiro de 2008<\/span><\/strong> a <strong><span style=\"text-decoration: underline;\">05 de Julho de 2010<\/span><\/strong>, supostamente, haver cumulado 04 (quatro) contrata\u00e7\u00f5es p\u00fablicas para realiza\u00e7\u00e3o do cargo de M\u00e9dico.<\/li>\n<li>Ao examinar a A\u00e7\u00e3o Civil que o Minist\u00e9rio P\u00fablico Federal elaborou com fundamento exclusivo no relat\u00f3rio do Cadastro Nacional de Estabelecimentos de Sa\u00fade, o brilhante Juiz Federal, Dr. Guilherme Alves dos Santos, constatou que o Dr. Emmanoel Souza Santos <strong><span style=\"text-decoration: underline;\">prestou efetivamente os Servi\u00e7os pelos quais fora contratado<\/span><\/strong>; todavia, por existir previs\u00e3o legal que pro\u00edba o volume do trabalho contratado, cominou o pagamento de Multa equivalente a 04 (quatro) remunera\u00e7\u00f5es totais auferidas no m\u00eas de Outubro de 2010.<\/li>\n<li>Sem dar aten\u00e7\u00e3o a verdade no que foi decidido pelo Eminente Juiz Federal de Colatina, o s\u00edtio virtual <span style=\"text-decoration: underline;\">sudoestehoje.com.br<\/span> buscou enganar o cidad\u00e3o Itapetinguense quando escreveu que o Dr. Emmanoel Souza Santos haveria acumulado uma renda equivalente a R$113.000,00 (cento e treze mil reais) sem a devida presta\u00e7\u00e3o dos servi\u00e7os a que foi contratado.<\/li>\n<li>O s\u00edtio virtual <span style=\"text-decoration: underline;\">sudoestehoje.com.br<\/span> realizou sua atividade informativa de forma imoral, pois aduziu que o Minist\u00e9rio P\u00fablico Federal ofereceu Den\u00fancia contra o Secret\u00e1rio Municipal de Sa\u00fade e em raz\u00e3o desta ele foi exonerado dos cargos P\u00fablicos exerc\u00eddos no Estado do Esp\u00edrito Santo. Da mesma forma ressalto a inten\u00e7\u00e3o enganosa quando o informativo suscita que o Dr. Emmanoel Souza Santos tenha gerado preju\u00edzos aos cofres p\u00fablicos.<\/li>\n<li>Este Secret\u00e1rio Municipal de Sa\u00fade afirma que a atitude do site <span style=\"text-decoration: underline;\"><span style=\"text-decoration: underline;\"><span style=\"text-decoration: underline;\">sudoestehoje.com.br\u00a0<\/span><\/span><\/span>h\u00e1 de ser responsabilizada perante o Poder Judici\u00e1rio do Estado da Bahia por violar a regulamenta\u00e7\u00e3o da <strong><span style=\"text-decoration: underline;\">Lei Federal n\u00ba 12.965, de 2014, e Lei Federal n\u00ba 5.250, de 1967<\/span><\/strong>, na publica\u00e7\u00e3o truncada,\u00a0 deturpada e caluniosa da mat\u00e9ria &#8220;<em>Secret\u00e1rio de Sa\u00fade foi condenado pela Justi\u00e7a Federal no Esp\u00edrito Santo<\/em>&#8220;.Colatina &#8211; ES, aos 19 de Abril de 2015.DANIEL WALDEMAR DE OLIVEIRA J\u00daNIOROAB\/ES 15.600<\/li>\n<\/ol>\n<p>&nbsp;<\/p>\n","protected":false},"excerpt":{"rendered":"<p>ITAPETINGA: Atrav\u00e9s de Nota P\u00fablica redigida e assinada por um advogado do Esp\u00edrito Santo, o m\u00e9dico Emmanoel Souza Santos, secret\u00e1rio municipal de Sa\u00fade, confirmou a den\u00fancia do site da G1, da Rede Globo (CONFIRA MAT\u00c9RIA AQUI), reproduzida pelo Sudoeste Hoje. Na Nota P\u00fablica, o advogado do Dr. Emmanoel confirma que ele realmente respondeu a uma [&hellip;]<\/p>\n","protected":false},"author":2,"featured_media":0,"comment_status":"open","ping_status":"open","sticky":false,"template":"","format":"standard","meta":{"footnotes":"","_links_to":"","_links_to_target":""},"categories":[1],"tags":[],"class_list":["post-48548","post","type-post","status-publish","format-standard","hentry","category-geral"],"views":2380,"_links":{"self":[{"href":"https:\/\/www.sudoestehoje.com.br\/novoportal\/wp-json\/wp\/v2\/posts\/48548","targetHints":{"allow":["GET"]}}],"collection":[{"href":"https:\/\/www.sudoestehoje.com.br\/novoportal\/wp-json\/wp\/v2\/posts"}],"about":[{"href":"https:\/\/www.sudoestehoje.com.br\/novoportal\/wp-json\/wp\/v2\/types\/post"}],"author":[{"embeddable":true,"href":"https:\/\/www.sudoestehoje.com.br\/novoportal\/wp-json\/wp\/v2\/users\/2"}],"replies":[{"embeddable":true,"href":"https:\/\/www.sudoestehoje.com.br\/novoportal\/wp-json\/wp\/v2\/comments?post=48548"}],"version-history":[{"count":19,"href":"https:\/\/www.sudoestehoje.com.br\/novoportal\/wp-json\/wp\/v2\/posts\/48548\/revisions"}],"predecessor-version":[{"id":48584,"href":"https:\/\/www.sudoestehoje.com.br\/novoportal\/wp-json\/wp\/v2\/posts\/48548\/revisions\/48584"}],"wp:attachment":[{"href":"https:\/\/www.sudoestehoje.com.br\/novoportal\/wp-json\/wp\/v2\/media?parent=48548"}],"wp:term":[{"taxonomy":"category","embeddable":true,"href":"https:\/\/www.sudoestehoje.com.br\/novoportal\/wp-json\/wp\/v2\/categories?post=48548"},{"taxonomy":"post_tag","embeddable":true,"href":"https:\/\/www.sudoestehoje.com.br\/novoportal\/wp-json\/wp\/v2\/tags?post=48548"}],"curies":[{"name":"wp","href":"https:\/\/api.w.org\/{rel}","templated":true}]}}