
{"id":48527,"date":"2015-04-17T19:57:39","date_gmt":"2015-04-17T22:57:39","guid":{"rendered":"http:\/\/www.sudoestehoje.com.br\/novoportal\/?p=48527"},"modified":"2015-04-20T01:01:44","modified_gmt":"2015-04-20T04:01:44","slug":"cicero-alencar-e-paulo-fernandes-reafirmam-amizade-inabalavel","status":"publish","type":"post","link":"https:\/\/www.sudoestehoje.com.br\/novoportal\/2015\/04\/17\/cicero-alencar-e-paulo-fernandes-reafirmam-amizade-inabalavel\/","title":{"rendered":"C\u00cdCERO ALENCAR E PAULO FERNANDES REAFIRMAM &#8220;AMIZADE INABAL\u00c1VEL&#8221;"},"content":{"rendered":"<div id=\"attachment_48528\" style=\"width: 510px\" class=\"wp-caption aligncenter\"><a href=\"http:\/\/www.sudoestehoje.com.br\/novoportal\/wp-content\/uploads\/2015\/04\/CI\u00c7\u00c3O.jpg\"><img loading=\"lazy\" decoding=\"async\" aria-describedby=\"caption-attachment-48528\" class=\"size-medium wp-image-48528\" src=\"http:\/\/www.sudoestehoje.com.br\/novoportal\/wp-content\/uploads\/2015\/04\/CI\u00c7\u00c3O-500x335.jpg\" alt=\"Foto Itarantim Agora\" width=\"500\" height=\"335\" srcset=\"https:\/\/www.sudoestehoje.com.br\/novoportal\/wp-content\/uploads\/2015\/04\/CI\u00c7\u00c3O-500x335.jpg 500w, https:\/\/www.sudoestehoje.com.br\/novoportal\/wp-content\/uploads\/2015\/04\/CI\u00c7\u00c3O-700x469.jpg 700w, https:\/\/www.sudoestehoje.com.br\/novoportal\/wp-content\/uploads\/2015\/04\/CI\u00c7\u00c3O-150x100.jpg 150w, https:\/\/www.sudoestehoje.com.br\/novoportal\/wp-content\/uploads\/2015\/04\/CI\u00c7\u00c3O.jpg 1600w\" sizes=\"auto, (max-width: 500px) 100vw, 500px\" \/><\/a><p id=\"caption-attachment-48528\" class=\"wp-caption-text\">Foto Itarantim Agora<\/p><\/div>\n<p>Em Itarantim, advers\u00e1rios do prefeito Paulo Fernandes (PSB) v\u00eam tentando disseminar disc\u00f3rdia entre o chefe do executivo e o ex-prefeito C\u00edcero Alencar, irm\u00e3o do senador Otto Alencar, maior apoiador da atual administra\u00e7\u00e3o municipal.<\/p>\n<p>Not\u00edcias plantadas em blogs da regi\u00e3o falam de uma suposta insatisfa\u00e7\u00e3o de C\u00edcero em rela\u00e7\u00e3o a Paulo Fernandes, em virtude do prefeito ter pretens\u00e3o de disputar um novo mandato de prefeito, em 2016, o que entraria em choque com a pretens\u00e3o de C\u00edcero Alencar, que tamb\u00e9m teria vontade de disputar o pr\u00f3ximo pleito, com o apoio de Paulo.<\/p>\n<p>Toda a celeuma, entretanto, n\u00e3o passa de intriga da oposi\u00e7\u00e3o, o que j\u00e1 foi desmentido pelo pr\u00f3prio prefeito e por C\u00edcero Alencar, que reafirmaram a &#8216;amizade inabal\u00e1vel&#8217; mantida entre ambos, sob a lideran\u00e7a do senador Otto Alencar.<\/p>\n<p>Paulo Fernandes tem reiterado que ainda \u00e9 muito cedo para falar em sucess\u00e3o municipal, at\u00e9 porque est\u00e1 no meio do seu mandato e a sua maior preocupa\u00e7\u00e3o \u00e9 recuperar o munic\u00edpio, v\u00edtima de administra\u00e7\u00f5es desastradas do passado.<\/p>\n<p>Confira mat\u00e9ria no<span style=\"color: #0000ff;\"><a style=\"color: #0000ff;\" title=\"ITARANTIM AGORA\" href=\"http:\/\/itarantimagora.blogspot.com.br\/2015\/04\/cicero-alencar-e-paulo-fernandes-amigos.html\">\u00a0ITARANTIM AGORA<\/a><\/span><\/p>\n<p><strong><em>Por Davi Ferraz<\/em><\/strong><\/p>\n<p><img decoding=\"async\" class=\"aligncenter\" src=\"http:\/\/www.sudoestehoje.com.br\/novoportal\/wp-content\/uploads\/2014\/12\/Banner-Casabella-500x104.jpg\" alt=\"Banner Casabella\" \/><\/p>\n","protected":false},"excerpt":{"rendered":"<p>Em Itarantim, advers\u00e1rios do prefeito Paulo Fernandes (PSB) v\u00eam tentando disseminar disc\u00f3rdia entre o chefe do executivo e o ex-prefeito C\u00edcero Alencar, irm\u00e3o do senador Otto Alencar, maior apoiador da atual administra\u00e7\u00e3o municipal. Not\u00edcias plantadas em blogs da regi\u00e3o falam de uma suposta insatisfa\u00e7\u00e3o de C\u00edcero em rela\u00e7\u00e3o a Paulo Fernandes, em virtude do prefeito [&hellip;]<\/p>\n","protected":false},"author":2,"featured_media":0,"comment_status":"open","ping_status":"open","sticky":false,"template":"","format":"standard","meta":{"footnotes":"","_links_to":"","_links_to_target":""},"categories":[1],"tags":[],"class_list":["post-48527","post","type-post","status-publish","format-standard","hentry","category-geral"],"views":1579,"_links":{"self":[{"href":"https:\/\/www.sudoestehoje.com.br\/novoportal\/wp-json\/wp\/v2\/posts\/48527","targetHints":{"allow":["GET"]}}],"collection":[{"href":"https:\/\/www.sudoestehoje.com.br\/novoportal\/wp-json\/wp\/v2\/posts"}],"about":[{"href":"https:\/\/www.sudoestehoje.com.br\/novoportal\/wp-json\/wp\/v2\/types\/post"}],"author":[{"embeddable":true,"href":"https:\/\/www.sudoestehoje.com.br\/novoportal\/wp-json\/wp\/v2\/users\/2"}],"replies":[{"embeddable":true,"href":"https:\/\/www.sudoestehoje.com.br\/novoportal\/wp-json\/wp\/v2\/comments?post=48527"}],"version-history":[{"count":6,"href":"https:\/\/www.sudoestehoje.com.br\/novoportal\/wp-json\/wp\/v2\/posts\/48527\/revisions"}],"predecessor-version":[{"id":48577,"href":"https:\/\/www.sudoestehoje.com.br\/novoportal\/wp-json\/wp\/v2\/posts\/48527\/revisions\/48577"}],"wp:attachment":[{"href":"https:\/\/www.sudoestehoje.com.br\/novoportal\/wp-json\/wp\/v2\/media?parent=48527"}],"wp:term":[{"taxonomy":"category","embeddable":true,"href":"https:\/\/www.sudoestehoje.com.br\/novoportal\/wp-json\/wp\/v2\/categories?post=48527"},{"taxonomy":"post_tag","embeddable":true,"href":"https:\/\/www.sudoestehoje.com.br\/novoportal\/wp-json\/wp\/v2\/tags?post=48527"}],"curies":[{"name":"wp","href":"https:\/\/api.w.org\/{rel}","templated":true}]}}