
{"id":48522,"date":"2015-04-17T19:28:37","date_gmt":"2015-04-17T22:28:37","guid":{"rendered":"http:\/\/www.sudoestehoje.com.br\/novoportal\/?p=48522"},"modified":"2015-04-20T01:03:00","modified_gmt":"2015-04-20T04:03:00","slug":"forro-da-vaca-loca-devera-ser-apenas-para-patrocinadores-e-fidelizados","status":"publish","type":"post","link":"https:\/\/www.sudoestehoje.com.br\/novoportal\/2015\/04\/17\/forro-da-vaca-loca-devera-ser-apenas-para-patrocinadores-e-fidelizados\/","title":{"rendered":"FORR\u00d3 DA VACA L\u00d4CA DEVER\u00c1 SER APENAS PARA PATROCINADORES E FIDELIZADOS"},"content":{"rendered":"<p><a href=\"http:\/\/www.sudoestehoje.com.br\/novoportal\/wp-content\/uploads\/2015\/04\/vaca-loca.png\"><img loading=\"lazy\" decoding=\"async\" class=\" size-full wp-image-48523 alignleft\" src=\"http:\/\/www.sudoestehoje.com.br\/novoportal\/wp-content\/uploads\/2015\/04\/vaca-loca.png\" alt=\"vaca loca\" width=\"192\" height=\"260\" srcset=\"https:\/\/www.sudoestehoje.com.br\/novoportal\/wp-content\/uploads\/2015\/04\/vaca-loca.png 192w, https:\/\/www.sudoestehoje.com.br\/novoportal\/wp-content\/uploads\/2015\/04\/vaca-loca-111x150.png 111w\" sizes=\"auto, (max-width: 192px) 100vw, 192px\" \/><\/a><\/p>\n<p>Em Itapetinga a diretoria do Forr\u00f3 da Vaca L\u00f4ca dever\u00e1 fazer esse ano uma festa somente para patrocinadores e fidelizados do camarote, com p\u00fablico de aproximadamente 1.500 pessoas. A medida dever\u00e1 ser adotada em raz\u00e3o da falta de banda de forr\u00f3 para contrata\u00e7\u00e3o e com isso a alta de pre\u00e7os das bandas sertanejas.<\/p>\n<p>A diretoria da festa resolveu n\u00e3o arriscar as vendas de ingressos que seriam elevados n\u00e3o atingindo pre\u00e7os competitivos com o mercado, j\u00e1 afetado pela crise financeira. Vale lembrar que varias cidades j\u00e1 desistiram de realizar o S\u00e3o Jo\u00e3o, como Jequi\u00e9 e o forr\u00f3 da Margarida.<\/p>\n<p>No ano passado a produ\u00e7\u00e3o do evento gastou aproximadamente R$ 1,5 milh\u00f5es, esse ano gasto chegaria a R$2,2 milh\u00f5es, o que levou a diretoria a repensar o evento. Pol\u00edticos do Sul da Bahia<\/p>\n<p><img loading=\"lazy\" decoding=\"async\" class=\"aligncenter\" src=\"http:\/\/2.bp.blogspot.com\/-70-eOs__L20\/VPCyusPhXRI\/AAAAAAAACAQ\/KHorKekdACs\/s640\/tarug%C3%A3o1.jpg\" alt=\"\" width=\"501\" height=\"141\" \/><\/p>\n","protected":false},"excerpt":{"rendered":"<p>Em Itapetinga a diretoria do Forr\u00f3 da Vaca L\u00f4ca dever\u00e1 fazer esse ano uma festa somente para patrocinadores e fidelizados do camarote, com p\u00fablico de aproximadamente 1.500 pessoas. A medida dever\u00e1 ser adotada em raz\u00e3o da falta de banda de forr\u00f3 para contrata\u00e7\u00e3o e com isso a alta de pre\u00e7os das bandas sertanejas. A diretoria [&hellip;]<\/p>\n","protected":false},"author":2,"featured_media":0,"comment_status":"open","ping_status":"open","sticky":false,"template":"","format":"standard","meta":{"footnotes":"","_links_to":"","_links_to_target":""},"categories":[1],"tags":[],"class_list":["post-48522","post","type-post","status-publish","format-standard","hentry","category-geral"],"views":5101,"_links":{"self":[{"href":"https:\/\/www.sudoestehoje.com.br\/novoportal\/wp-json\/wp\/v2\/posts\/48522","targetHints":{"allow":["GET"]}}],"collection":[{"href":"https:\/\/www.sudoestehoje.com.br\/novoportal\/wp-json\/wp\/v2\/posts"}],"about":[{"href":"https:\/\/www.sudoestehoje.com.br\/novoportal\/wp-json\/wp\/v2\/types\/post"}],"author":[{"embeddable":true,"href":"https:\/\/www.sudoestehoje.com.br\/novoportal\/wp-json\/wp\/v2\/users\/2"}],"replies":[{"embeddable":true,"href":"https:\/\/www.sudoestehoje.com.br\/novoportal\/wp-json\/wp\/v2\/comments?post=48522"}],"version-history":[{"count":4,"href":"https:\/\/www.sudoestehoje.com.br\/novoportal\/wp-json\/wp\/v2\/posts\/48522\/revisions"}],"predecessor-version":[{"id":48578,"href":"https:\/\/www.sudoestehoje.com.br\/novoportal\/wp-json\/wp\/v2\/posts\/48522\/revisions\/48578"}],"wp:attachment":[{"href":"https:\/\/www.sudoestehoje.com.br\/novoportal\/wp-json\/wp\/v2\/media?parent=48522"}],"wp:term":[{"taxonomy":"category","embeddable":true,"href":"https:\/\/www.sudoestehoje.com.br\/novoportal\/wp-json\/wp\/v2\/categories?post=48522"},{"taxonomy":"post_tag","embeddable":true,"href":"https:\/\/www.sudoestehoje.com.br\/novoportal\/wp-json\/wp\/v2\/tags?post=48522"}],"curies":[{"name":"wp","href":"https:\/\/api.w.org\/{rel}","templated":true}]}}