
{"id":48504,"date":"2015-04-16T22:35:47","date_gmt":"2015-04-17T01:35:47","guid":{"rendered":"http:\/\/www.sudoestehoje.com.br\/novoportal\/?p=48504"},"modified":"2015-04-17T20:09:01","modified_gmt":"2015-04-17T23:09:01","slug":"vereador-alfredo-leva-demandas-da-regiao-ao-governo-do-estado","status":"publish","type":"post","link":"https:\/\/www.sudoestehoje.com.br\/novoportal\/2015\/04\/16\/vereador-alfredo-leva-demandas-da-regiao-ao-governo-do-estado\/","title":{"rendered":"VEREADOR ALFREDO LEVA DEMANDAS DA REGI\u00c3O AO GOVERNO DO ESTADO"},"content":{"rendered":"<p><a href=\"http:\/\/www.sudoestehoje.com.br\/novoportal\/wp-content\/uploads\/2015\/04\/infra.jpg\"><img loading=\"lazy\" decoding=\"async\" class=\"aligncenter  wp-image-48508\" src=\"http:\/\/www.sudoestehoje.com.br\/novoportal\/wp-content\/uploads\/2015\/04\/infra.jpg\" alt=\"infra\" width=\"499\" height=\"373\" srcset=\"https:\/\/www.sudoestehoje.com.br\/novoportal\/wp-content\/uploads\/2015\/04\/infra.jpg 400w, https:\/\/www.sudoestehoje.com.br\/novoportal\/wp-content\/uploads\/2015\/04\/infra-150x112.jpg 150w\" sizes=\"auto, (max-width: 499px) 100vw, 499px\" \/><\/a><\/p>\n<p>Atendendo reivindica\u00e7\u00f5es dos moradores de Itapetinga, a deputada estadual \u00c2ngela Sousa (PSD) esteve na \u00faltima segunda-feira (13), acompanhada do vereador Alfredo Cabral de Assis (PSD), em audi\u00eancia com o Secret\u00e1rio de Infraestrutura da Bahia, Dr. Marcus Cavalcanti. O encontro teve como objetivo solicitar a ilumina\u00e7\u00e3o p\u00fablica no per\u00edmetro urbano da rodovia BA-263, no trecho entre o trevo de Macara<span class=\"text_exposed_show\">ni, at\u00e9 a ponte de Z\u00e9 Dias. Atendendo a demanda, o secret\u00e1rio despachou para a Superintend\u00eancia de Energia e Comunica\u00e7\u00e3o, \u00f3rg\u00e3o ligado \u00e0 secretaria, para solicitar o or\u00e7amento junto \u00e0 Coelba.<\/span><\/p>\n<div class=\"text_exposed_show\">\n<p>Foi solicitada ainda a recupera\u00e7\u00e3o asf\u00e1ltica trecho que liga o centro da cidade ao Parque de Exposi\u00e7\u00f5es, que se encontra em estado intransit\u00e1vel, al\u00e9m dos acessos aos conjuntos resid\u00eancias 12 de Dezembro e Jos\u00e9 Ivo. Acontecer\u00e1 em Itapetinga a 45\u00ba Exposi\u00e7\u00e3o Agropecu\u00e1ria de Itapetinga e 19\u00aa Exposi\u00e7\u00e3o Nacional, no per\u00edodo de 12 a 17 de maio, onde o munic\u00edpio receber\u00e1 expositores de diversas localidades do pa\u00eds, sendo necess\u00e1rio a melhoria dos acessos solicitados.<\/p>\n<p>Por reivindica\u00e7\u00e3o de Marcos Galv\u00e3o de Assis, foi solicitada ainda a recupera\u00e7\u00e3o da rodovia que liga o Ponto do Ast\u00e9rio, Ibicu\u00ed, Igua\u00ed e Nova Cana\u00e3. Segundo o vereador, o pedido para a recupera\u00e7\u00e3o da rodovia, se faz necess\u00e1rio, principalmente por ser uma via de grande movimenta\u00e7\u00e3o, inclusive, no per\u00edodo de S\u00e3o Jo\u00e3o, quando chegam a transitar aproximadamente cem mil ve\u00edculos. Ascom<\/p>\n<\/div>\n","protected":false},"excerpt":{"rendered":"<p>Atendendo reivindica\u00e7\u00f5es dos moradores de Itapetinga, a deputada estadual \u00c2ngela Sousa (PSD) esteve na \u00faltima segunda-feira (13), acompanhada do vereador Alfredo Cabral de Assis (PSD), em audi\u00eancia com o Secret\u00e1rio de Infraestrutura da Bahia, Dr. Marcus Cavalcanti. O encontro teve como objetivo solicitar a ilumina\u00e7\u00e3o p\u00fablica no per\u00edmetro urbano da rodovia BA-263, no trecho entre [&hellip;]<\/p>\n","protected":false},"author":2,"featured_media":0,"comment_status":"open","ping_status":"open","sticky":false,"template":"","format":"standard","meta":{"footnotes":"","_links_to":"","_links_to_target":""},"categories":[1],"tags":[],"class_list":["post-48504","post","type-post","status-publish","format-standard","hentry","category-geral"],"views":1179,"_links":{"self":[{"href":"https:\/\/www.sudoestehoje.com.br\/novoportal\/wp-json\/wp\/v2\/posts\/48504","targetHints":{"allow":["GET"]}}],"collection":[{"href":"https:\/\/www.sudoestehoje.com.br\/novoportal\/wp-json\/wp\/v2\/posts"}],"about":[{"href":"https:\/\/www.sudoestehoje.com.br\/novoportal\/wp-json\/wp\/v2\/types\/post"}],"author":[{"embeddable":true,"href":"https:\/\/www.sudoestehoje.com.br\/novoportal\/wp-json\/wp\/v2\/users\/2"}],"replies":[{"embeddable":true,"href":"https:\/\/www.sudoestehoje.com.br\/novoportal\/wp-json\/wp\/v2\/comments?post=48504"}],"version-history":[{"count":6,"href":"https:\/\/www.sudoestehoje.com.br\/novoportal\/wp-json\/wp\/v2\/posts\/48504\/revisions"}],"predecessor-version":[{"id":48532,"href":"https:\/\/www.sudoestehoje.com.br\/novoportal\/wp-json\/wp\/v2\/posts\/48504\/revisions\/48532"}],"wp:attachment":[{"href":"https:\/\/www.sudoestehoje.com.br\/novoportal\/wp-json\/wp\/v2\/media?parent=48504"}],"wp:term":[{"taxonomy":"category","embeddable":true,"href":"https:\/\/www.sudoestehoje.com.br\/novoportal\/wp-json\/wp\/v2\/categories?post=48504"},{"taxonomy":"post_tag","embeddable":true,"href":"https:\/\/www.sudoestehoje.com.br\/novoportal\/wp-json\/wp\/v2\/tags?post=48504"}],"curies":[{"name":"wp","href":"https:\/\/api.w.org\/{rel}","templated":true}]}}