
{"id":48493,"date":"2015-04-16T00:31:43","date_gmt":"2015-04-16T03:31:43","guid":{"rendered":"http:\/\/www.sudoestehoje.com.br\/novoportal\/?p=48493"},"modified":"2015-04-16T00:42:38","modified_gmt":"2015-04-16T03:42:38","slug":"mp-fiscalizara-gastos-de-prefeituras-com-festas-juninas","status":"publish","type":"post","link":"https:\/\/www.sudoestehoje.com.br\/novoportal\/2015\/04\/16\/mp-fiscalizara-gastos-de-prefeituras-com-festas-juninas\/","title":{"rendered":"MP FISCALIZAR\u00c1 GASTOS DE PREFEITURAS COM FESTAS JUNINAS"},"content":{"rendered":"<p><a href=\"http:\/\/www.sudoestehoje.com.br\/novoportal\/wp-content\/uploads\/2015\/04\/SAO-JO\u00c3O.jpg\"><img loading=\"lazy\" decoding=\"async\" class=\"aligncenter  wp-image-48495\" src=\"http:\/\/www.sudoestehoje.com.br\/novoportal\/wp-content\/uploads\/2015\/04\/SAO-JO\u00c3O.jpg\" alt=\"SAO JO\u00c3O\" width=\"501\" height=\"363\" srcset=\"https:\/\/www.sudoestehoje.com.br\/novoportal\/wp-content\/uploads\/2015\/04\/SAO-JO\u00c3O.jpg 400w, https:\/\/www.sudoestehoje.com.br\/novoportal\/wp-content\/uploads\/2015\/04\/SAO-JO\u00c3O-150x109.jpg 150w\" sizes=\"auto, (max-width: 501px) 100vw, 501px\" \/><\/a><\/p>\n<p>Promotores de Justi\u00e7a que atuam nos diversos munic\u00edpios baianos foram orientados a instaurar procedimentos preparat\u00f3rios para verificar gastos \u201cdesarrazoados, em desacordo com o princ\u00edpio da legalidade\u201d, na realiza\u00e7\u00e3o de festas juninas, micaretas ou eventos cong\u00eaneres, organizados pelas Prefeituras. Isso \u00e9 o que recomenda o procurador-geral de Justi\u00e7a M\u00e1rcio Fahel em publica\u00e7\u00e3o divulgada hoje, dia 15, no Di\u00e1rio da Justi\u00e7a Eletr\u00f4nico.<\/p>\n<p>De acordo com o documento, os membros do Minist\u00e9rio P\u00fablico estadual tamb\u00e9m dever\u00e3o requisitar, nesses casos, informa\u00e7\u00f5es, dados e documentos e ficar atentos \u00e0 utiliza\u00e7\u00e3o de verbas oriundas de patroc\u00ednios, que forem destinadas, sob qualquer t\u00edtulo, por entes p\u00fablicos ou empresas privadas aos munic\u00edpios. Caso sejam detectadas irregularidades, eles promover\u00e3o as medidas jur\u00eddicas cab\u00edveis e encaminhar\u00e3o c\u00f3pias dos documentos \u00e0 Procuradoria-Geral de Justi\u00e7a para subsidiar a an\u00e1lise de poss\u00edveis a\u00e7\u00f5es penais.<\/p>\n<p>A recomenda\u00e7\u00e3o foi expedida levando-se em considera\u00e7\u00e3o a atual queda de receita dos munic\u00edpios e os elevados gastos efetivados na organiza\u00e7\u00e3o de festas, com realiza\u00e7\u00e3o de contrata\u00e7\u00f5es em desacordo com as normas constantes na Lei de Licita\u00e7\u00f5es e Contratos Administrativos, violando os princ\u00edpios da legalidade, moralidade e economicidade, em detrimento de servi\u00e7os essenciais, a exemplo da sa\u00fade, educa\u00e7\u00e3o e saneamento b\u00e1sico.<\/p>\n<p><img decoding=\"async\" class=\"aligncenter\" src=\"http:\/\/www.sudoestehoje.com.br\/novoportal\/wp-content\/uploads\/2014\/09\/supermoda.png\" alt=\"supermoda\" \/><\/p>\n","protected":false},"excerpt":{"rendered":"<p>Promotores de Justi\u00e7a que atuam nos diversos munic\u00edpios baianos foram orientados a instaurar procedimentos preparat\u00f3rios para verificar gastos \u201cdesarrazoados, em desacordo com o princ\u00edpio da legalidade\u201d, na realiza\u00e7\u00e3o de festas juninas, micaretas ou eventos cong\u00eaneres, organizados pelas Prefeituras. Isso \u00e9 o que recomenda o procurador-geral de Justi\u00e7a M\u00e1rcio Fahel em publica\u00e7\u00e3o divulgada hoje, dia 15, [&hellip;]<\/p>\n","protected":false},"author":2,"featured_media":0,"comment_status":"open","ping_status":"open","sticky":false,"template":"","format":"standard","meta":{"footnotes":"","_links_to":"","_links_to_target":""},"categories":[1],"tags":[],"class_list":["post-48493","post","type-post","status-publish","format-standard","hentry","category-geral"],"views":2403,"_links":{"self":[{"href":"https:\/\/www.sudoestehoje.com.br\/novoportal\/wp-json\/wp\/v2\/posts\/48493","targetHints":{"allow":["GET"]}}],"collection":[{"href":"https:\/\/www.sudoestehoje.com.br\/novoportal\/wp-json\/wp\/v2\/posts"}],"about":[{"href":"https:\/\/www.sudoestehoje.com.br\/novoportal\/wp-json\/wp\/v2\/types\/post"}],"author":[{"embeddable":true,"href":"https:\/\/www.sudoestehoje.com.br\/novoportal\/wp-json\/wp\/v2\/users\/2"}],"replies":[{"embeddable":true,"href":"https:\/\/www.sudoestehoje.com.br\/novoportal\/wp-json\/wp\/v2\/comments?post=48493"}],"version-history":[{"count":4,"href":"https:\/\/www.sudoestehoje.com.br\/novoportal\/wp-json\/wp\/v2\/posts\/48493\/revisions"}],"predecessor-version":[{"id":48498,"href":"https:\/\/www.sudoestehoje.com.br\/novoportal\/wp-json\/wp\/v2\/posts\/48493\/revisions\/48498"}],"wp:attachment":[{"href":"https:\/\/www.sudoestehoje.com.br\/novoportal\/wp-json\/wp\/v2\/media?parent=48493"}],"wp:term":[{"taxonomy":"category","embeddable":true,"href":"https:\/\/www.sudoestehoje.com.br\/novoportal\/wp-json\/wp\/v2\/categories?post=48493"},{"taxonomy":"post_tag","embeddable":true,"href":"https:\/\/www.sudoestehoje.com.br\/novoportal\/wp-json\/wp\/v2\/tags?post=48493"}],"curies":[{"name":"wp","href":"https:\/\/api.w.org\/{rel}","templated":true}]}}