
{"id":48450,"date":"2015-04-15T17:57:32","date_gmt":"2015-04-15T20:57:32","guid":{"rendered":"http:\/\/www.sudoestehoje.com.br\/novoportal\/?p=48450"},"modified":"2015-04-15T18:03:54","modified_gmt":"2015-04-15T21:03:54","slug":"sindicatos-de-itapetinga-realizam-manifestacao-contra-pec-4330","status":"publish","type":"post","link":"https:\/\/www.sudoestehoje.com.br\/novoportal\/2015\/04\/15\/sindicatos-de-itapetinga-realizam-manifestacao-contra-pec-4330\/","title":{"rendered":"SINDICATOS DE ITAPETINGA REALIZAM MANIFESTA\u00c7\u00c3O CONTRA PEC 4330"},"content":{"rendered":"<div id=\"attachment_48451\" style=\"width: 510px\" class=\"wp-caption aligncenter\"><a href=\"http:\/\/www.sudoestehoje.com.br\/novoportal\/wp-content\/uploads\/2015\/04\/terceiriza\u00e7\u00e3o-n\u00e3o.jpg\"><img loading=\"lazy\" decoding=\"async\" aria-describedby=\"caption-attachment-48451\" class=\"size-medium wp-image-48451\" src=\"http:\/\/www.sudoestehoje.com.br\/novoportal\/wp-content\/uploads\/2015\/04\/terceiriza\u00e7\u00e3o-n\u00e3o-500x300.jpg\" alt=\"Em Itapetinga, sindicalistas e representantes de movimentos sociais se posicionaram contra a PEC da Terceiriza\u00e7\u00e3o, sob a lideran\u00e7a do vereador Renan Coelho (PCdoB).\" width=\"500\" height=\"300\" srcset=\"https:\/\/www.sudoestehoje.com.br\/novoportal\/wp-content\/uploads\/2015\/04\/terceiriza\u00e7\u00e3o-n\u00e3o-500x300.jpg 500w, https:\/\/www.sudoestehoje.com.br\/novoportal\/wp-content\/uploads\/2015\/04\/terceiriza\u00e7\u00e3o-n\u00e3o-700x420.jpg 700w, https:\/\/www.sudoestehoje.com.br\/novoportal\/wp-content\/uploads\/2015\/04\/terceiriza\u00e7\u00e3o-n\u00e3o-150x90.jpg 150w, https:\/\/www.sudoestehoje.com.br\/novoportal\/wp-content\/uploads\/2015\/04\/terceiriza\u00e7\u00e3o-n\u00e3o.jpg 960w\" sizes=\"auto, (max-width: 500px) 100vw, 500px\" \/><\/a><p id=\"caption-attachment-48451\" class=\"wp-caption-text\">Em Itapetinga, sindicalistas e representantes de movimentos sociais se posicionaram contra a PEC da Terceiriza\u00e7\u00e3o, sob a lideran\u00e7a do vereador Renan Coelho (PCdoB) e Sindicato de Verdade (CUT).<\/p><\/div>\n<p>Na manh\u00e3 desta quarta-feira, representantes dos sindicatos APLB, Sindicato de Verdade e Sinditatiba realizaram uma manifesta\u00e7\u00e3o no centro da cidade, contra a aprova\u00e7\u00e3o da PEC-4330, que regulamenta a terceiriza\u00e7\u00e3o em todos os setores produtivos.<\/p>\n<p>O texto-base do Projeto de Lei 4330\/04, que regulamenta os contratos de terceiriza\u00e7\u00e3o, foi aprovado pelo plen\u00e1rio da C\u00e2mara dos Deputados, na semana passada, debaixo de fortes protestos de sindicatos e movimentos sociais, que se postaram em frente ao Congresso Nacional para se manifestarem contr\u00e1rios \u00e0 PEC, considerada nociva aos interesses dos trabalhadores.<\/p>\n<p>Na sess\u00e3o de ontem (14), entretanto, a C\u00e2mara dos Deputados excluiu as empresas p\u00fablicas e sociedades de economia mista das regras previstas no projeto, atrav\u00e9s de um destaque aprovado em plen\u00e1rio, que vale para empresas p\u00fablicas e sociedades de economia mista controladas por Uni\u00e3o, estados, Distrito Federal e munic\u00edpios.<\/p>\n<p><strong><em>Por Davi Ferraz<\/em><\/strong><\/p>\n<p><img loading=\"lazy\" decoding=\"async\" class=\" aligncenter\" src=\"http:\/\/2.bp.blogspot.com\/-70-eOs__L20\/VPCyusPhXRI\/AAAAAAAACAQ\/KHorKekdACs\/s640\/tarug%C3%A3o1.jpg\" alt=\"\" width=\"501\" height=\"141\" \/><\/p>\n","protected":false},"excerpt":{"rendered":"<p>Na manh\u00e3 desta quarta-feira, representantes dos sindicatos APLB, Sindicato de Verdade e Sinditatiba realizaram uma manifesta\u00e7\u00e3o no centro da cidade, contra a aprova\u00e7\u00e3o da PEC-4330, que regulamenta a terceiriza\u00e7\u00e3o em todos os setores produtivos. O texto-base do Projeto de Lei 4330\/04, que regulamenta os contratos de terceiriza\u00e7\u00e3o, foi aprovado pelo plen\u00e1rio da C\u00e2mara dos Deputados, [&hellip;]<\/p>\n","protected":false},"author":2,"featured_media":0,"comment_status":"open","ping_status":"open","sticky":false,"template":"","format":"standard","meta":{"footnotes":"","_links_to":"","_links_to_target":""},"categories":[1],"tags":[],"class_list":["post-48450","post","type-post","status-publish","format-standard","hentry","category-geral"],"views":1294,"_links":{"self":[{"href":"https:\/\/www.sudoestehoje.com.br\/novoportal\/wp-json\/wp\/v2\/posts\/48450","targetHints":{"allow":["GET"]}}],"collection":[{"href":"https:\/\/www.sudoestehoje.com.br\/novoportal\/wp-json\/wp\/v2\/posts"}],"about":[{"href":"https:\/\/www.sudoestehoje.com.br\/novoportal\/wp-json\/wp\/v2\/types\/post"}],"author":[{"embeddable":true,"href":"https:\/\/www.sudoestehoje.com.br\/novoportal\/wp-json\/wp\/v2\/users\/2"}],"replies":[{"embeddable":true,"href":"https:\/\/www.sudoestehoje.com.br\/novoportal\/wp-json\/wp\/v2\/comments?post=48450"}],"version-history":[{"count":4,"href":"https:\/\/www.sudoestehoje.com.br\/novoportal\/wp-json\/wp\/v2\/posts\/48450\/revisions"}],"predecessor-version":[{"id":48455,"href":"https:\/\/www.sudoestehoje.com.br\/novoportal\/wp-json\/wp\/v2\/posts\/48450\/revisions\/48455"}],"wp:attachment":[{"href":"https:\/\/www.sudoestehoje.com.br\/novoportal\/wp-json\/wp\/v2\/media?parent=48450"}],"wp:term":[{"taxonomy":"category","embeddable":true,"href":"https:\/\/www.sudoestehoje.com.br\/novoportal\/wp-json\/wp\/v2\/categories?post=48450"},{"taxonomy":"post_tag","embeddable":true,"href":"https:\/\/www.sudoestehoje.com.br\/novoportal\/wp-json\/wp\/v2\/tags?post=48450"}],"curies":[{"name":"wp","href":"https:\/\/api.w.org\/{rel}","templated":true}]}}