
{"id":48427,"date":"2015-04-14T00:00:07","date_gmt":"2015-04-14T03:00:07","guid":{"rendered":"http:\/\/www.sudoestehoje.com.br\/novoportal\/?p=48427"},"modified":"2015-04-15T18:09:00","modified_gmt":"2015-04-15T21:09:00","slug":"vai-ter-sao-joao-ou-nao-vai","status":"publish","type":"post","link":"https:\/\/www.sudoestehoje.com.br\/novoportal\/2015\/04\/14\/vai-ter-sao-joao-ou-nao-vai\/","title":{"rendered":"VAI TER S\u00c3O JO\u00c3O OU N\u00c3O VAI?"},"content":{"rendered":"<p><a href=\"http:\/\/www.sudoestehoje.com.br\/novoportal\/wp-content\/uploads\/2015\/04\/Sao-Joao-Itapetinga.jpg\"><img loading=\"lazy\" decoding=\"async\" class=\"aligncenter size-medium wp-image-48429\" src=\"http:\/\/www.sudoestehoje.com.br\/novoportal\/wp-content\/uploads\/2015\/04\/Sao-Joao-Itapetinga-500x375.jpg\" alt=\"Sao-Joao-Itapetinga\" width=\"500\" height=\"375\" srcset=\"https:\/\/www.sudoestehoje.com.br\/novoportal\/wp-content\/uploads\/2015\/04\/Sao-Joao-Itapetinga-500x375.jpg 500w, https:\/\/www.sudoestehoje.com.br\/novoportal\/wp-content\/uploads\/2015\/04\/Sao-Joao-Itapetinga-700x525.jpg 700w, https:\/\/www.sudoestehoje.com.br\/novoportal\/wp-content\/uploads\/2015\/04\/Sao-Joao-Itapetinga-150x113.jpg 150w, https:\/\/www.sudoestehoje.com.br\/novoportal\/wp-content\/uploads\/2015\/04\/Sao-Joao-Itapetinga.jpg 800w\" sizes=\"auto, (max-width: 500px) 100vw, 500px\" \/><\/a><\/p>\n<p>Faltando pouco mais de dois meses para os festejos juninos, paira ainda uma grande d\u00favida a respeito da realiza\u00e7\u00e3o da tradicional festa de S\u00e3o Jo\u00e3o em Itapetinga, organizada todos os anos pela prefeitura.<\/p>\n<p>Com o prefeito afastado para tratamento de sa\u00fade, o vice Al\u00e9cio Chaves continua patinando nas quest\u00f5es administrativas e parece que ainda n\u00e3o atentou para a festa de S\u00e3o Jo\u00e3o no Parque da Lagoa, uma tradi\u00e7\u00e3o que n\u00e3o pode ser sacrificada.<\/p>\n<p>Para realiza\u00e7\u00e3o de uma boa festa, \u00e9 necess\u00e1rio que a programa\u00e7\u00e3o seja feita com muita anteced\u00eancia, principalmente no que diz respeito \u00e0 contrata\u00e7\u00e3o das atra\u00e7\u00f5es, para n\u00e3o ficar para tr\u00e1s e ter que se contentar com as sobras.<\/p>\n<p>Fala a\u00ed, Al\u00e9cio, vai ter festa de S\u00e3o Jo\u00e3o ou n\u00e3o vai?<\/p>\n<p><strong><em>Por Davi Ferraz<\/em><\/strong><\/p>\n<p><img decoding=\"async\" class=\"aligncenter\" src=\"http:\/\/www.sudoestehoje.com.br\/novoportal\/wp-content\/uploads\/2014\/07\/Feira-do-Lar-1.png\" alt=\"Feira-do-Lar (1)\" \/><\/p>\n","protected":false},"excerpt":{"rendered":"<p>Faltando pouco mais de dois meses para os festejos juninos, paira ainda uma grande d\u00favida a respeito da realiza\u00e7\u00e3o da tradicional festa de S\u00e3o Jo\u00e3o em Itapetinga, organizada todos os anos pela prefeitura. Com o prefeito afastado para tratamento de sa\u00fade, o vice Al\u00e9cio Chaves continua patinando nas quest\u00f5es administrativas e parece que ainda n\u00e3o [&hellip;]<\/p>\n","protected":false},"author":2,"featured_media":0,"comment_status":"open","ping_status":"open","sticky":false,"template":"","format":"standard","meta":{"footnotes":"","_links_to":"","_links_to_target":""},"categories":[1],"tags":[],"class_list":["post-48427","post","type-post","status-publish","format-standard","hentry","category-geral"],"views":1715,"_links":{"self":[{"href":"https:\/\/www.sudoestehoje.com.br\/novoportal\/wp-json\/wp\/v2\/posts\/48427","targetHints":{"allow":["GET"]}}],"collection":[{"href":"https:\/\/www.sudoestehoje.com.br\/novoportal\/wp-json\/wp\/v2\/posts"}],"about":[{"href":"https:\/\/www.sudoestehoje.com.br\/novoportal\/wp-json\/wp\/v2\/types\/post"}],"author":[{"embeddable":true,"href":"https:\/\/www.sudoestehoje.com.br\/novoportal\/wp-json\/wp\/v2\/users\/2"}],"replies":[{"embeddable":true,"href":"https:\/\/www.sudoestehoje.com.br\/novoportal\/wp-json\/wp\/v2\/comments?post=48427"}],"version-history":[{"count":4,"href":"https:\/\/www.sudoestehoje.com.br\/novoportal\/wp-json\/wp\/v2\/posts\/48427\/revisions"}],"predecessor-version":[{"id":48460,"href":"https:\/\/www.sudoestehoje.com.br\/novoportal\/wp-json\/wp\/v2\/posts\/48427\/revisions\/48460"}],"wp:attachment":[{"href":"https:\/\/www.sudoestehoje.com.br\/novoportal\/wp-json\/wp\/v2\/media?parent=48427"}],"wp:term":[{"taxonomy":"category","embeddable":true,"href":"https:\/\/www.sudoestehoje.com.br\/novoportal\/wp-json\/wp\/v2\/categories?post=48427"},{"taxonomy":"post_tag","embeddable":true,"href":"https:\/\/www.sudoestehoje.com.br\/novoportal\/wp-json\/wp\/v2\/tags?post=48427"}],"curies":[{"name":"wp","href":"https:\/\/api.w.org\/{rel}","templated":true}]}}