
{"id":48418,"date":"2015-04-13T22:31:43","date_gmt":"2015-04-14T01:31:43","guid":{"rendered":"http:\/\/www.sudoestehoje.com.br\/novoportal\/?p=48418"},"modified":"2015-04-15T18:11:02","modified_gmt":"2015-04-15T21:11:02","slug":"itapetinguense-morre-em-acidente-na-br-116-proximo-a-planalto","status":"publish","type":"post","link":"https:\/\/www.sudoestehoje.com.br\/novoportal\/2015\/04\/13\/itapetinguense-morre-em-acidente-na-br-116-proximo-a-planalto\/","title":{"rendered":"ITAPETINGUENSE MORRE EM ACIDENTE NA BR-116, PR\u00d3XIMO A PLANALTO"},"content":{"rendered":"<p><a href=\"http:\/\/www.sudoestehoje.com.br\/novoportal\/wp-content\/uploads\/2015\/04\/ZE-IVO.jpg\"><img loading=\"lazy\" decoding=\"async\" class=\"aligncenter  wp-image-48419\" src=\"http:\/\/www.sudoestehoje.com.br\/novoportal\/wp-content\/uploads\/2015\/04\/ZE-IVO.jpg\" alt=\"ZE IVO\" width=\"399\" height=\"444\" srcset=\"https:\/\/www.sudoestehoje.com.br\/novoportal\/wp-content\/uploads\/2015\/04\/ZE-IVO.jpg 286w, https:\/\/www.sudoestehoje.com.br\/novoportal\/wp-content\/uploads\/2015\/04\/ZE-IVO-135x150.jpg 135w\" sizes=\"auto, (max-width: 399px) 100vw, 399px\" \/><\/a><\/p>\n<p>Morreu aos 65 anos o itapetinguense Jos\u00e9 Ivo de Almeida, v\u00edtima de acidente de tr\u00e2nsito ocorrido na \u00faltima quinta-feira (9), na BR 116, pr\u00f3ximo \u00e0 cidade de Planalto.\u00a0Z\u00e9 Ivo morreu preso nas ferragens e duas outras pessoas, Marta Mendes e Paula Mendes ( professoras), ficaram feridas no acidente.\u00a0A colis\u00e3o envolveu um carro de passeio com placa de Boa Nova e um caminh\u00e3o.<\/p>\n<p>Natural de Itapetinga, onde trabalhou e aposentou pelo Banco do Brasil, Z\u00e9 Ivo morava em Boa Nova, desde a d\u00e9cada de 1980. Ele era agricultor e trabalhou como servidor municipal em Boa Nova, por mais de 12 anos.<\/p>\n<p><a href=\"http:\/\/www.sudoestehoje.com.br\/novoportal\/wp-content\/uploads\/2015\/04\/CARRO-ZE-IVO.jpg\"><img loading=\"lazy\" decoding=\"async\" class=\"aligncenter  wp-image-48420\" src=\"http:\/\/www.sudoestehoje.com.br\/novoportal\/wp-content\/uploads\/2015\/04\/CARRO-ZE-IVO.jpg\" alt=\"CARRO ZE IVO\" width=\"399\" height=\"266\" srcset=\"https:\/\/www.sudoestehoje.com.br\/novoportal\/wp-content\/uploads\/2015\/04\/CARRO-ZE-IVO.jpg 400w, https:\/\/www.sudoestehoje.com.br\/novoportal\/wp-content\/uploads\/2015\/04\/CARRO-ZE-IVO-150x100.jpg 150w\" sizes=\"auto, (max-width: 399px) 100vw, 399px\" \/><\/a><\/p>\n<p>Ivo era ma\u00e7om e deixa a esposa Ana Paula Mendes e as filhas\u00a0Luciana Moraes\u00a0e\u00a0L\u00edvia Moraes, do seu primeiro casamento. O seu vel\u00f3rio aconteceu na sexta-feira \u00e0 tarde, na Loja Ma\u00e7\u00f4nica Jos\u00e9 Bonif\u00e1cio de Andrada e Silva, em Boa Nova, e o sepultamento aconteceu no cemit\u00e9rio municipal. Z\u00e9 Ivo era irm\u00e3o de Pio do Mafrip e L\u00eddia Ad\u00e9lia.<\/p>\n<p><img loading=\"lazy\" decoding=\"async\" class=\" aligncenter\" src=\"http:\/\/www.blogdotarugao.com.br\/v1\/wp-content\/uploads\/2015\/01\/Banner-Rezende.png\" alt=\"\" width=\"501\" height=\"163\" \/><\/p>\n","protected":false},"excerpt":{"rendered":"<p>Morreu aos 65 anos o itapetinguense Jos\u00e9 Ivo de Almeida, v\u00edtima de acidente de tr\u00e2nsito ocorrido na \u00faltima quinta-feira (9), na BR 116, pr\u00f3ximo \u00e0 cidade de Planalto.\u00a0Z\u00e9 Ivo morreu preso nas ferragens e duas outras pessoas, Marta Mendes e Paula Mendes ( professoras), ficaram feridas no acidente.\u00a0A colis\u00e3o envolveu um carro de passeio com [&hellip;]<\/p>\n","protected":false},"author":2,"featured_media":0,"comment_status":"open","ping_status":"open","sticky":false,"template":"","format":"standard","meta":{"footnotes":"","_links_to":"","_links_to_target":""},"categories":[1],"tags":[],"class_list":["post-48418","post","type-post","status-publish","format-standard","hentry","category-geral"],"views":1152,"_links":{"self":[{"href":"https:\/\/www.sudoestehoje.com.br\/novoportal\/wp-json\/wp\/v2\/posts\/48418","targetHints":{"allow":["GET"]}}],"collection":[{"href":"https:\/\/www.sudoestehoje.com.br\/novoportal\/wp-json\/wp\/v2\/posts"}],"about":[{"href":"https:\/\/www.sudoestehoje.com.br\/novoportal\/wp-json\/wp\/v2\/types\/post"}],"author":[{"embeddable":true,"href":"https:\/\/www.sudoestehoje.com.br\/novoportal\/wp-json\/wp\/v2\/users\/2"}],"replies":[{"embeddable":true,"href":"https:\/\/www.sudoestehoje.com.br\/novoportal\/wp-json\/wp\/v2\/comments?post=48418"}],"version-history":[{"count":4,"href":"https:\/\/www.sudoestehoje.com.br\/novoportal\/wp-json\/wp\/v2\/posts\/48418\/revisions"}],"predecessor-version":[{"id":48462,"href":"https:\/\/www.sudoestehoje.com.br\/novoportal\/wp-json\/wp\/v2\/posts\/48418\/revisions\/48462"}],"wp:attachment":[{"href":"https:\/\/www.sudoestehoje.com.br\/novoportal\/wp-json\/wp\/v2\/media?parent=48418"}],"wp:term":[{"taxonomy":"category","embeddable":true,"href":"https:\/\/www.sudoestehoje.com.br\/novoportal\/wp-json\/wp\/v2\/categories?post=48418"},{"taxonomy":"post_tag","embeddable":true,"href":"https:\/\/www.sudoestehoje.com.br\/novoportal\/wp-json\/wp\/v2\/tags?post=48418"}],"curies":[{"name":"wp","href":"https:\/\/api.w.org\/{rel}","templated":true}]}}