
{"id":48347,"date":"2015-04-10T09:10:14","date_gmt":"2015-04-10T12:10:14","guid":{"rendered":"http:\/\/www.sudoestehoje.com.br\/novoportal\/?p=48347"},"modified":"2015-04-10T09:16:49","modified_gmt":"2015-04-10T12:16:49","slug":"brega-light-2015-fecha-grade-de-shows","status":"publish","type":"post","link":"https:\/\/www.sudoestehoje.com.br\/novoportal\/2015\/04\/10\/brega-light-2015-fecha-grade-de-shows\/","title":{"rendered":"BREGA LIGHT ANUNCIA GRADE DE SHOWS"},"content":{"rendered":"<p><a href=\"http:\/\/www.sudoestehoje.com.br\/novoportal\/wp-content\/uploads\/2015\/04\/Brega-Light-1.jpg\"><img loading=\"lazy\" decoding=\"async\" class=\"aligncenter size-medium wp-image-48349\" src=\"http:\/\/www.sudoestehoje.com.br\/novoportal\/wp-content\/uploads\/2015\/04\/Brega-Light-1-500x500.jpg\" alt=\"Brega Light 1\" width=\"500\" height=\"500\" srcset=\"https:\/\/www.sudoestehoje.com.br\/novoportal\/wp-content\/uploads\/2015\/04\/Brega-Light-1-500x500.jpg 500w, https:\/\/www.sudoestehoje.com.br\/novoportal\/wp-content\/uploads\/2015\/04\/Brega-Light-1-150x150.jpg 150w, https:\/\/www.sudoestehoje.com.br\/novoportal\/wp-content\/uploads\/2015\/04\/Brega-Light-1-700x700.jpg 700w, https:\/\/www.sudoestehoje.com.br\/novoportal\/wp-content\/uploads\/2015\/04\/Brega-Light-1.jpg 960w\" sizes=\"auto, (max-width: 500px) 100vw, 500px\" \/><\/a><\/p>\n<p>Depois de anunciar parte das atra\u00e7\u00f5es para a maior festa junina da regi\u00e3o, a Contato Produ\u00e7\u00f5es divulgou mais uma contrata\u00e7\u00e3o de peso para o Brega Light 2015, o rei da &#8216;sofr\u00eancia&#8217;, Pablo do Arrocha.<\/p>\n<p><a href=\"http:\/\/www.sudoestehoje.com.br\/novoportal\/wp-content\/uploads\/2015\/04\/Brega-Ligth-5.jpg\"><img loading=\"lazy\" decoding=\"async\" class=\"aligncenter size-medium wp-image-48353\" src=\"http:\/\/www.sudoestehoje.com.br\/novoportal\/wp-content\/uploads\/2015\/04\/Brega-Ligth-5-500x500.jpg\" alt=\"Brega Ligth 5\" width=\"500\" height=\"500\" srcset=\"https:\/\/www.sudoestehoje.com.br\/novoportal\/wp-content\/uploads\/2015\/04\/Brega-Ligth-5-500x500.jpg 500w, https:\/\/www.sudoestehoje.com.br\/novoportal\/wp-content\/uploads\/2015\/04\/Brega-Ligth-5-150x150.jpg 150w, https:\/\/www.sudoestehoje.com.br\/novoportal\/wp-content\/uploads\/2015\/04\/Brega-Ligth-5.jpg 640w\" sizes=\"auto, (max-width: 500px) 100vw, 500px\" \/><\/a><\/p>\n<p>Dentre as atra\u00e7\u00f5es que far\u00e3o a tradicional festa em Ibicu\u00ed, j\u00e1 est\u00e3o escalados Ivete Sangalo, Avi\u00f5es do Forr\u00f3, Harmonia do Samba, Henrique e Juliano, Solteir\u00f5es do Forr\u00f3, Pablo e muitos outros.<\/p>\n<p><a href=\"http:\/\/www.sudoestehoje.com.br\/novoportal\/wp-content\/uploads\/2015\/04\/Brega-Light-3.jpg\"><img loading=\"lazy\" decoding=\"async\" class=\"aligncenter size-medium wp-image-48351\" src=\"http:\/\/www.sudoestehoje.com.br\/novoportal\/wp-content\/uploads\/2015\/04\/Brega-Light-3-500x500.jpg\" alt=\"Brega Light 3\" width=\"500\" height=\"500\" srcset=\"https:\/\/www.sudoestehoje.com.br\/novoportal\/wp-content\/uploads\/2015\/04\/Brega-Light-3-500x500.jpg 500w, https:\/\/www.sudoestehoje.com.br\/novoportal\/wp-content\/uploads\/2015\/04\/Brega-Light-3-150x150.jpg 150w, https:\/\/www.sudoestehoje.com.br\/novoportal\/wp-content\/uploads\/2015\/04\/Brega-Light-3.jpg 640w\" sizes=\"auto, (max-width: 500px) 100vw, 500px\" \/><\/a><\/p>\n<p>BREGA LIGHT EM ITAPETINGA<\/p>\n<p>Mesmo com o sucesso do Brega Light em Ibicu\u00ed, especula-se que a festa poder\u00e1 vir a ser realizada tamb\u00e9m em Itapetinga, que apesar de sua situa\u00e7\u00e3o geogr\u00e1fica privilegiada e estrutura pronta, n\u00e3o vem realizando uma festa de peso no S\u00e3o Jo\u00e3o.<\/p>\n<p><a href=\"http:\/\/www.sudoestehoje.com.br\/novoportal\/wp-content\/uploads\/2015\/04\/Brega-Light-4.jpg\"><img loading=\"lazy\" decoding=\"async\" class=\"aligncenter size-medium wp-image-48352\" src=\"http:\/\/www.sudoestehoje.com.br\/novoportal\/wp-content\/uploads\/2015\/04\/Brega-Light-4-500x500.jpg\" alt=\"Brega Light 4\" width=\"500\" height=\"500\" srcset=\"https:\/\/www.sudoestehoje.com.br\/novoportal\/wp-content\/uploads\/2015\/04\/Brega-Light-4-500x500.jpg 500w, https:\/\/www.sudoestehoje.com.br\/novoportal\/wp-content\/uploads\/2015\/04\/Brega-Light-4-150x150.jpg 150w, https:\/\/www.sudoestehoje.com.br\/novoportal\/wp-content\/uploads\/2015\/04\/Brega-Light-4.jpg 640w\" sizes=\"auto, (max-width: 500px) 100vw, 500px\" \/><\/a><\/p>\n<div id=\"yui_3_16_0_1_1428666237668_2193\">Itapetinga merece festas deste n\u00edvel e tem uma estrutura grandiosa para acomodar muito bem os turistas, como a sua rede hoteleira e espa\u00e7os p\u00fablicos mais amplos.\u00a0Fica a dica.<\/div>\n<div><\/div>\n<div><a href=\"http:\/\/www.sudoestehoje.com.br\/novoportal\/wp-content\/uploads\/2015\/04\/Brega-Light-6.jpg\"><img loading=\"lazy\" decoding=\"async\" class=\"aligncenter size-medium wp-image-48354\" src=\"http:\/\/www.sudoestehoje.com.br\/novoportal\/wp-content\/uploads\/2015\/04\/Brega-Light-6-500x500.jpg\" alt=\"Brega Light 6\" width=\"500\" height=\"500\" srcset=\"https:\/\/www.sudoestehoje.com.br\/novoportal\/wp-content\/uploads\/2015\/04\/Brega-Light-6-500x500.jpg 500w, https:\/\/www.sudoestehoje.com.br\/novoportal\/wp-content\/uploads\/2015\/04\/Brega-Light-6-150x150.jpg 150w, https:\/\/www.sudoestehoje.com.br\/novoportal\/wp-content\/uploads\/2015\/04\/Brega-Light-6.jpg 526w\" sizes=\"auto, (max-width: 500px) 100vw, 500px\" \/><\/a><\/div>\n<p><a href=\"http:\/\/www.sudoestehoje.com.br\/novoportal\/wp-content\/uploads\/2015\/04\/Brega-Ligth-2.jpg\"><img loading=\"lazy\" decoding=\"async\" class=\"aligncenter size-medium wp-image-48350\" src=\"http:\/\/www.sudoestehoje.com.br\/novoportal\/wp-content\/uploads\/2015\/04\/Brega-Ligth-2-500x500.jpg\" alt=\"Brega Ligth 2\" width=\"500\" height=\"500\" srcset=\"https:\/\/www.sudoestehoje.com.br\/novoportal\/wp-content\/uploads\/2015\/04\/Brega-Ligth-2-500x500.jpg 500w, https:\/\/www.sudoestehoje.com.br\/novoportal\/wp-content\/uploads\/2015\/04\/Brega-Ligth-2-150x150.jpg 150w, https:\/\/www.sudoestehoje.com.br\/novoportal\/wp-content\/uploads\/2015\/04\/Brega-Ligth-2.jpg 640w\" sizes=\"auto, (max-width: 500px) 100vw, 500px\" \/><\/a><\/p>\n<p><strong><em>\u00a0Por Davi Ferraz<\/em><\/strong><\/p>\n","protected":false},"excerpt":{"rendered":"<p>Depois de anunciar parte das atra\u00e7\u00f5es para a maior festa junina da regi\u00e3o, a Contato Produ\u00e7\u00f5es divulgou mais uma contrata\u00e7\u00e3o de peso para o Brega Light 2015, o rei da &#8216;sofr\u00eancia&#8217;, Pablo do Arrocha. Dentre as atra\u00e7\u00f5es que far\u00e3o a tradicional festa em Ibicu\u00ed, j\u00e1 est\u00e3o escalados Ivete Sangalo, Avi\u00f5es do Forr\u00f3, Harmonia do Samba, [&hellip;]<\/p>\n","protected":false},"author":2,"featured_media":0,"comment_status":"open","ping_status":"open","sticky":false,"template":"","format":"standard","meta":{"footnotes":"","_links_to":"","_links_to_target":""},"categories":[1],"tags":[],"class_list":["post-48347","post","type-post","status-publish","format-standard","hentry","category-geral"],"views":3910,"_links":{"self":[{"href":"https:\/\/www.sudoestehoje.com.br\/novoportal\/wp-json\/wp\/v2\/posts\/48347","targetHints":{"allow":["GET"]}}],"collection":[{"href":"https:\/\/www.sudoestehoje.com.br\/novoportal\/wp-json\/wp\/v2\/posts"}],"about":[{"href":"https:\/\/www.sudoestehoje.com.br\/novoportal\/wp-json\/wp\/v2\/types\/post"}],"author":[{"embeddable":true,"href":"https:\/\/www.sudoestehoje.com.br\/novoportal\/wp-json\/wp\/v2\/users\/2"}],"replies":[{"embeddable":true,"href":"https:\/\/www.sudoestehoje.com.br\/novoportal\/wp-json\/wp\/v2\/comments?post=48347"}],"version-history":[{"count":6,"href":"https:\/\/www.sudoestehoje.com.br\/novoportal\/wp-json\/wp\/v2\/posts\/48347\/revisions"}],"predecessor-version":[{"id":48359,"href":"https:\/\/www.sudoestehoje.com.br\/novoportal\/wp-json\/wp\/v2\/posts\/48347\/revisions\/48359"}],"wp:attachment":[{"href":"https:\/\/www.sudoestehoje.com.br\/novoportal\/wp-json\/wp\/v2\/media?parent=48347"}],"wp:term":[{"taxonomy":"category","embeddable":true,"href":"https:\/\/www.sudoestehoje.com.br\/novoportal\/wp-json\/wp\/v2\/categories?post=48347"},{"taxonomy":"post_tag","embeddable":true,"href":"https:\/\/www.sudoestehoje.com.br\/novoportal\/wp-json\/wp\/v2\/tags?post=48347"}],"curies":[{"name":"wp","href":"https:\/\/api.w.org\/{rel}","templated":true}]}}