
{"id":48340,"date":"2015-04-09T23:56:56","date_gmt":"2015-04-10T02:56:56","guid":{"rendered":"http:\/\/www.sudoestehoje.com.br\/novoportal\/?p=48340"},"modified":"2015-04-10T19:58:18","modified_gmt":"2015-04-10T22:58:18","slug":"caatiba-pode-perder-distrito-de-sao-jose-do-colonia-para-itambe","status":"publish","type":"post","link":"https:\/\/www.sudoestehoje.com.br\/novoportal\/2015\/04\/09\/caatiba-pode-perder-distrito-de-sao-jose-do-colonia-para-itambe\/","title":{"rendered":"CAATIBA PODE PERDER DISTRITO DE S\u00c3O JOS\u00c9 DO COL\u00d4NIA PARA ITAMB\u00c9"},"content":{"rendered":"<p><a href=\"http:\/\/www.sudoestehoje.com.br\/novoportal\/wp-content\/uploads\/2015\/04\/Mapa-de-Itamb\u00e9.jpg\"><img loading=\"lazy\" decoding=\"async\" class=\"aligncenter  wp-image-48341\" src=\"http:\/\/www.sudoestehoje.com.br\/novoportal\/wp-content\/uploads\/2015\/04\/Mapa-de-Itamb\u00e9-500x491.jpg\" alt=\"Mapa de Itamb\u00e9\" width=\"399\" height=\"392\" srcset=\"https:\/\/www.sudoestehoje.com.br\/novoportal\/wp-content\/uploads\/2015\/04\/Mapa-de-Itamb\u00e9-500x491.jpg 500w, https:\/\/www.sudoestehoje.com.br\/novoportal\/wp-content\/uploads\/2015\/04\/Mapa-de-Itamb\u00e9-700x687.jpg 700w, https:\/\/www.sudoestehoje.com.br\/novoportal\/wp-content\/uploads\/2015\/04\/Mapa-de-Itamb\u00e9-150x147.jpg 150w, https:\/\/www.sudoestehoje.com.br\/novoportal\/wp-content\/uploads\/2015\/04\/Mapa-de-Itamb\u00e9.jpg 925w\" sizes=\"auto, (max-width: 399px) 100vw, 399px\" \/><\/a><\/p>\n<p>Uma audi\u00eancia p\u00fablica de concilia\u00e7\u00e3o territorial foi realizada nesta quinta-feira (9), em Vit\u00f3ria da Conquista, pela Comiss\u00e3o Especial de Assuntos Territoriais e Emancipa\u00e7\u00e3o da Assembleia Legislativa da Bahia (AL-BA). O encontro discutiu os problemas envolvendo as disputas territoriais entre os munic\u00edpios da regi\u00e3o Sudoeste da Bahia, incluindo a que envolve os munic\u00edpios de Itamb\u00e9 e Caatiba.<\/p>\n<p>Com a perda do distrito de S\u00e3o Jos\u00e9 do Col\u00f4nia para Caatiba, na \u00faltima divis\u00e3o territorial, os repasses do FPM foram reduzidos, vez que o \u00edndice caiu de 1.6 para 1.2. Por esta raz\u00e3o o prefeito Ivan Fernandes (PSD) insiste o retorno do territ\u00f3rio ao seu munic\u00edpio.<\/p>\n<p>Presente ao encontro, o prefeito de Caatiba n\u00e3o se manifestou, preferindo aguardar a defini\u00e7\u00e3o da Comiss\u00e3o de Assuntos Territoriais da AL, mas \u00e9 prov\u00e1vel que o distrito de S\u00e3o Jos\u00e9 do Col\u00f4nia volte a pertencer a Itamb\u00e9.<\/p>\n<p><strong><em>Por Davi Ferraz<\/em><\/strong><\/p>\n<p><img decoding=\"async\" class=\"aligncenter\" src=\"http:\/\/www.sudoestehoje.com.br\/novoportal\/wp-content\/uploads\/2014\/12\/skala-novo.jpg\" alt=\"skala novo\" \/><\/p>\n","protected":false},"excerpt":{"rendered":"<p>Uma audi\u00eancia p\u00fablica de concilia\u00e7\u00e3o territorial foi realizada nesta quinta-feira (9), em Vit\u00f3ria da Conquista, pela Comiss\u00e3o Especial de Assuntos Territoriais e Emancipa\u00e7\u00e3o da Assembleia Legislativa da Bahia (AL-BA). O encontro discutiu os problemas envolvendo as disputas territoriais entre os munic\u00edpios da regi\u00e3o Sudoeste da Bahia, incluindo a que envolve os munic\u00edpios de Itamb\u00e9 e [&hellip;]<\/p>\n","protected":false},"author":2,"featured_media":0,"comment_status":"open","ping_status":"open","sticky":false,"template":"","format":"standard","meta":{"footnotes":"","_links_to":"","_links_to_target":""},"categories":[1],"tags":[],"class_list":["post-48340","post","type-post","status-publish","format-standard","hentry","category-geral"],"views":4349,"_links":{"self":[{"href":"https:\/\/www.sudoestehoje.com.br\/novoportal\/wp-json\/wp\/v2\/posts\/48340","targetHints":{"allow":["GET"]}}],"collection":[{"href":"https:\/\/www.sudoestehoje.com.br\/novoportal\/wp-json\/wp\/v2\/posts"}],"about":[{"href":"https:\/\/www.sudoestehoje.com.br\/novoportal\/wp-json\/wp\/v2\/types\/post"}],"author":[{"embeddable":true,"href":"https:\/\/www.sudoestehoje.com.br\/novoportal\/wp-json\/wp\/v2\/users\/2"}],"replies":[{"embeddable":true,"href":"https:\/\/www.sudoestehoje.com.br\/novoportal\/wp-json\/wp\/v2\/comments?post=48340"}],"version-history":[{"count":3,"href":"https:\/\/www.sudoestehoje.com.br\/novoportal\/wp-json\/wp\/v2\/posts\/48340\/revisions"}],"predecessor-version":[{"id":48372,"href":"https:\/\/www.sudoestehoje.com.br\/novoportal\/wp-json\/wp\/v2\/posts\/48340\/revisions\/48372"}],"wp:attachment":[{"href":"https:\/\/www.sudoestehoje.com.br\/novoportal\/wp-json\/wp\/v2\/media?parent=48340"}],"wp:term":[{"taxonomy":"category","embeddable":true,"href":"https:\/\/www.sudoestehoje.com.br\/novoportal\/wp-json\/wp\/v2\/categories?post=48340"},{"taxonomy":"post_tag","embeddable":true,"href":"https:\/\/www.sudoestehoje.com.br\/novoportal\/wp-json\/wp\/v2\/tags?post=48340"}],"curies":[{"name":"wp","href":"https:\/\/api.w.org\/{rel}","templated":true}]}}