
{"id":48336,"date":"2015-04-09T13:12:23","date_gmt":"2015-04-09T16:12:23","guid":{"rendered":"http:\/\/www.sudoestehoje.com.br\/novoportal\/?p=48336"},"modified":"2015-04-10T19:59:14","modified_gmt":"2015-04-10T22:59:14","slug":"morre-aos-89-anos-o-pecuarista-itapetinguense-vadinho-figueira","status":"publish","type":"post","link":"https:\/\/www.sudoestehoje.com.br\/novoportal\/2015\/04\/09\/morre-aos-89-anos-o-pecuarista-itapetinguense-vadinho-figueira\/","title":{"rendered":"MORRE, AOS 89 ANOS, O PECUARISTA ITAPETINGUENSE VADINHO FIGUEIRA"},"content":{"rendered":"<div id=\"attachment_48337\" style=\"width: 510px\" class=\"wp-caption aligncenter\"><a href=\"http:\/\/www.sudoestehoje.com.br\/novoportal\/wp-content\/uploads\/2015\/04\/vadinho.jpg\"><img loading=\"lazy\" decoding=\"async\" aria-describedby=\"caption-attachment-48337\" class=\" wp-image-48337\" src=\"http:\/\/www.sudoestehoje.com.br\/novoportal\/wp-content\/uploads\/2015\/04\/vadinho-500x375.jpg\" alt=\"\u00daltima\" width=\"500\" height=\"375\" srcset=\"https:\/\/www.sudoestehoje.com.br\/novoportal\/wp-content\/uploads\/2015\/04\/vadinho-500x375.jpg 500w, https:\/\/www.sudoestehoje.com.br\/novoportal\/wp-content\/uploads\/2015\/04\/vadinho-700x525.jpg 700w, https:\/\/www.sudoestehoje.com.br\/novoportal\/wp-content\/uploads\/2015\/04\/vadinho-150x113.jpg 150w, https:\/\/www.sudoestehoje.com.br\/novoportal\/wp-content\/uploads\/2015\/04\/vadinho.jpg 960w\" sizes=\"auto, (max-width: 500px) 100vw, 500px\" \/><\/a><p id=\"caption-attachment-48337\" class=\"wp-caption-text\">\u00daltima foto de Vadinho Figueira (centro), ao lado da sua esposa, filhos, genros, noras, netos e outros familiares.<\/p><\/div>\n<p>Faleceu, na manh\u00e3 desta quinta-feira (9), em Vit\u00f3ria da Conquista, de causas naturais, o pecuarista Vivaldo Mendes Figueira, conhecido entre os amigos por &#8216;Vadinho Figueira&#8217;.<\/p>\n<p>De fam\u00edlia tradicional conquistense, Vadinho era radicado em Itapetinga h\u00e1 mais 60 anos, onde exercia, com muita compet\u00eancia, a pecu\u00e1ria leiteira, sendo um dos introdutores da ra\u00e7a Holandesa na regi\u00e3o, cujo plantel foi premiado em sucessivas exposi\u00e7\u00f5es em Itapetinga e Vit\u00f3ria da Conquista.<\/p>\n<p>Homem simples e alegre, Vadinho tinha o h\u00e1bito de se encontrar com antigos amigos na Coopardo, no centro de Itapetinga, para conversar e relembrar os tempos gloriosos de Itapetinga, quando a cidade ainda era conhecida como a &#8216;capital da pecu\u00e1ria baiana&#8217;.<\/p>\n<p>O corpo est\u00e1 sendo velado na \u00a0Primeira Igreja Batista de Itapetinga, onde um culto ser\u00e1 realizado \u00e0s 15h. Logo em seguida, por volta das 16h, o cortejo seguir\u00e1 para o Cemit\u00e9rio Parque da Eternidade, para sepultamento.<\/p>\n<p>O Sudoeste Hoje manifesta o seu pesar \u00e0 fam\u00edlia enlutada, lamentando a perda irrepar\u00e1vel do amigo Vadinho Figueira.<\/p>\n<p><strong><em>Por Davi Ferraz\u00a0<\/em><\/strong><\/p>\n<p><img decoding=\"async\" class=\"aligncenter\" src=\"http:\/\/www.sudoestehoje.com.br\/novoportal\/wp-content\/uploads\/2014\/07\/Feira-do-Lar-1.png\" alt=\"Feira-do-Lar (1)\" \/><\/p>\n","protected":false},"excerpt":{"rendered":"<p>Faleceu, na manh\u00e3 desta quinta-feira (9), em Vit\u00f3ria da Conquista, de causas naturais, o pecuarista Vivaldo Mendes Figueira, conhecido entre os amigos por &#8216;Vadinho Figueira&#8217;. De fam\u00edlia tradicional conquistense, Vadinho era radicado em Itapetinga h\u00e1 mais 60 anos, onde exercia, com muita compet\u00eancia, a pecu\u00e1ria leiteira, sendo um dos introdutores da ra\u00e7a Holandesa na regi\u00e3o, [&hellip;]<\/p>\n","protected":false},"author":2,"featured_media":0,"comment_status":"open","ping_status":"open","sticky":false,"template":"","format":"standard","meta":{"footnotes":"","_links_to":"","_links_to_target":""},"categories":[1],"tags":[],"class_list":["post-48336","post","type-post","status-publish","format-standard","hentry","category-geral"],"views":1607,"_links":{"self":[{"href":"https:\/\/www.sudoestehoje.com.br\/novoportal\/wp-json\/wp\/v2\/posts\/48336","targetHints":{"allow":["GET"]}}],"collection":[{"href":"https:\/\/www.sudoestehoje.com.br\/novoportal\/wp-json\/wp\/v2\/posts"}],"about":[{"href":"https:\/\/www.sudoestehoje.com.br\/novoportal\/wp-json\/wp\/v2\/types\/post"}],"author":[{"embeddable":true,"href":"https:\/\/www.sudoestehoje.com.br\/novoportal\/wp-json\/wp\/v2\/users\/2"}],"replies":[{"embeddable":true,"href":"https:\/\/www.sudoestehoje.com.br\/novoportal\/wp-json\/wp\/v2\/comments?post=48336"}],"version-history":[{"count":4,"href":"https:\/\/www.sudoestehoje.com.br\/novoportal\/wp-json\/wp\/v2\/posts\/48336\/revisions"}],"predecessor-version":[{"id":48373,"href":"https:\/\/www.sudoestehoje.com.br\/novoportal\/wp-json\/wp\/v2\/posts\/48336\/revisions\/48373"}],"wp:attachment":[{"href":"https:\/\/www.sudoestehoje.com.br\/novoportal\/wp-json\/wp\/v2\/media?parent=48336"}],"wp:term":[{"taxonomy":"category","embeddable":true,"href":"https:\/\/www.sudoestehoje.com.br\/novoportal\/wp-json\/wp\/v2\/categories?post=48336"},{"taxonomy":"post_tag","embeddable":true,"href":"https:\/\/www.sudoestehoje.com.br\/novoportal\/wp-json\/wp\/v2\/tags?post=48336"}],"curies":[{"name":"wp","href":"https:\/\/api.w.org\/{rel}","templated":true}]}}