
{"id":48285,"date":"2015-04-08T17:50:51","date_gmt":"2015-04-08T20:50:51","guid":{"rendered":"http:\/\/www.sudoestehoje.com.br\/novoportal\/?p=48285"},"modified":"2015-04-08T22:05:55","modified_gmt":"2015-04-09T01:05:55","slug":"prefeito-paulo-fernandes-inaugura-nova-creche-em-itarantim","status":"publish","type":"post","link":"https:\/\/www.sudoestehoje.com.br\/novoportal\/2015\/04\/08\/prefeito-paulo-fernandes-inaugura-nova-creche-em-itarantim\/","title":{"rendered":"PREFEITO PAULO FERNANDES INAUGURA NOVA CRECHE EM ITARANTIM"},"content":{"rendered":"<div><a href=\"http:\/\/www.sudoestehoje.com.br\/novoportal\/wp-content\/uploads\/2015\/04\/creche-it.jpg\"><img loading=\"lazy\" decoding=\"async\" class=\"aligncenter size-medium wp-image-48286\" src=\"http:\/\/www.sudoestehoje.com.br\/novoportal\/wp-content\/uploads\/2015\/04\/creche-it-500x334.jpg\" alt=\"creche it\" width=\"500\" height=\"334\" srcset=\"https:\/\/www.sudoestehoje.com.br\/novoportal\/wp-content\/uploads\/2015\/04\/creche-it-500x334.jpg 500w, https:\/\/www.sudoestehoje.com.br\/novoportal\/wp-content\/uploads\/2015\/04\/creche-it-700x467.jpg 700w, https:\/\/www.sudoestehoje.com.br\/novoportal\/wp-content\/uploads\/2015\/04\/creche-it-150x100.jpg 150w, https:\/\/www.sudoestehoje.com.br\/novoportal\/wp-content\/uploads\/2015\/04\/creche-it.jpg 1124w\" sizes=\"auto, (max-width: 500px) 100vw, 500px\" \/><\/a><\/div>\n<div>Dando continuidade ao seu estilo de grande realizador, o prefeito de Itarantim inaugurou, nesta ter\u00e7a-feira (7), uma nova creche municipal que beneficiar\u00e1 os moradores das Populares, Portelinha, F\u00e9lix Mendon\u00e7a, Cajazeiras a adjac\u00eancias.<\/div>\n<div><a href=\"http:\/\/www.sudoestehoje.com.br\/novoportal\/wp-content\/uploads\/2015\/04\/creche-it-6.jpg\"><img loading=\"lazy\" decoding=\"async\" class=\"aligncenter size-medium wp-image-48287\" src=\"http:\/\/www.sudoestehoje.com.br\/novoportal\/wp-content\/uploads\/2015\/04\/creche-it-6-500x333.jpg\" alt=\"creche it 6\" width=\"500\" height=\"333\" srcset=\"https:\/\/www.sudoestehoje.com.br\/novoportal\/wp-content\/uploads\/2015\/04\/creche-it-6-500x333.jpg 500w, https:\/\/www.sudoestehoje.com.br\/novoportal\/wp-content\/uploads\/2015\/04\/creche-it-6-700x466.jpg 700w, https:\/\/www.sudoestehoje.com.br\/novoportal\/wp-content\/uploads\/2015\/04\/creche-it-6-150x100.jpg 150w, https:\/\/www.sudoestehoje.com.br\/novoportal\/wp-content\/uploads\/2015\/04\/creche-it-6.jpg 1280w\" sizes=\"auto, (max-width: 500px) 100vw, 500px\" \/><\/a><\/div>\n<div><\/div>\n<div>Em seu discurso de inaugura\u00e7\u00e3o, o prefeito Paulo Fernandes fez uma justa men\u00e7\u00e3o ao saudoso Auril\u00e9cio Damasceno, que foi homenageado com a denomina\u00e7\u00e3o da creche.<\/div>\n<div><a href=\"http:\/\/www.sudoestehoje.com.br\/novoportal\/wp-content\/uploads\/2015\/04\/creche-it-61.jpg\"><br \/>\n<\/a><a href=\"http:\/\/www.sudoestehoje.com.br\/novoportal\/wp-content\/uploads\/2015\/04\/creche-it-5.jpg\"><img loading=\"lazy\" decoding=\"async\" class=\"aligncenter size-medium wp-image-48292\" src=\"http:\/\/www.sudoestehoje.com.br\/novoportal\/wp-content\/uploads\/2015\/04\/creche-it-5-500x333.jpg\" alt=\"creche it 5\" width=\"500\" height=\"333\" srcset=\"https:\/\/www.sudoestehoje.com.br\/novoportal\/wp-content\/uploads\/2015\/04\/creche-it-5-500x333.jpg 500w, https:\/\/www.sudoestehoje.com.br\/novoportal\/wp-content\/uploads\/2015\/04\/creche-it-5-700x466.jpg 700w, https:\/\/www.sudoestehoje.com.br\/novoportal\/wp-content\/uploads\/2015\/04\/creche-it-5-150x100.jpg 150w, https:\/\/www.sudoestehoje.com.br\/novoportal\/wp-content\/uploads\/2015\/04\/creche-it-5.jpg 1280w\" sizes=\"auto, (max-width: 500px) 100vw, 500px\" \/><\/a><\/div>\n<div><\/div>\n<div>O prefeito tamb\u00e9m defendeu uma melhor remunera\u00e7\u00e3o para os professores, lembrando que no munic\u00edpio existem muitos professores renomados e capacitados. Falou tamb\u00e9m da import\u00e2ncia da participa\u00e7\u00e3o da fam\u00edlia no dia a dia dos filhos, mesmo que a creche seja em tempo integral. Paulo tamb\u00e9m agradeceu o apoio do deputado federal Jos\u00e9 Carlos Ara\u00fajo, que tem sido um verdadeiro parceiro amigo de Itarantim.<\/div>\n<div><a href=\"http:\/\/www.sudoestehoje.com.br\/novoportal\/wp-content\/uploads\/2015\/04\/creche-it-3.jpg\"><br \/>\n<\/a><a href=\"http:\/\/www.sudoestehoje.com.br\/novoportal\/wp-content\/uploads\/2015\/04\/creche-it-7.jpg\"><img loading=\"lazy\" decoding=\"async\" class=\"aligncenter size-medium wp-image-48293\" src=\"http:\/\/www.sudoestehoje.com.br\/novoportal\/wp-content\/uploads\/2015\/04\/creche-it-7-500x333.jpg\" alt=\"creche it 7\" width=\"500\" height=\"333\" srcset=\"https:\/\/www.sudoestehoje.com.br\/novoportal\/wp-content\/uploads\/2015\/04\/creche-it-7-500x333.jpg 500w, https:\/\/www.sudoestehoje.com.br\/novoportal\/wp-content\/uploads\/2015\/04\/creche-it-7-700x466.jpg 700w, https:\/\/www.sudoestehoje.com.br\/novoportal\/wp-content\/uploads\/2015\/04\/creche-it-7-150x100.jpg 150w, https:\/\/www.sudoestehoje.com.br\/novoportal\/wp-content\/uploads\/2015\/04\/creche-it-7.jpg 1280w\" sizes=\"auto, (max-width: 500px) 100vw, 500px\" \/><\/a><\/div>\n<div><\/div>\n<div>Dr. Paulo falou tamb\u00e9m sobre a f\u00e1brica Suzana Santos Cal\u00e7ados que, \u00a0inicialmente, contratar\u00e1 135 funcion\u00e1rios, mas que a m\u00e9dio prazo chegar\u00e1 a quinhentos colaboradores, dando oportunidade a muitos jovens, pais e m\u00e3es de fam\u00edlia de Itarantim. Lembrou que na sua inaugura\u00e7\u00e3o contar\u00e1 com a presen\u00e7a do governador Rui Costa e sua comitiva. Paulo concluiu o\u00a0seu discurso com a c\u00e9lebre frase do educador Paulo Freire: &#8220;Contra a fome, arroz e feij\u00e3o, contra a pobreza, educa\u00e7\u00e3o&#8221;. Ascom<\/div>\n<div><a href=\"http:\/\/www.sudoestehoje.com.br\/novoportal\/wp-content\/uploads\/2015\/04\/creche-it-8.jpg\"><img loading=\"lazy\" decoding=\"async\" class=\"aligncenter size-medium wp-image-48297\" src=\"http:\/\/www.sudoestehoje.com.br\/novoportal\/wp-content\/uploads\/2015\/04\/creche-it-8-500x333.jpg\" alt=\"creche it 8\" width=\"500\" height=\"333\" srcset=\"https:\/\/www.sudoestehoje.com.br\/novoportal\/wp-content\/uploads\/2015\/04\/creche-it-8-500x333.jpg 500w, https:\/\/www.sudoestehoje.com.br\/novoportal\/wp-content\/uploads\/2015\/04\/creche-it-8-700x466.jpg 700w, https:\/\/www.sudoestehoje.com.br\/novoportal\/wp-content\/uploads\/2015\/04\/creche-it-8-150x100.jpg 150w, https:\/\/www.sudoestehoje.com.br\/novoportal\/wp-content\/uploads\/2015\/04\/creche-it-8.jpg 1280w\" sizes=\"auto, (max-width: 500px) 100vw, 500px\" \/><\/a><\/div>\n<div><\/div>\n<div><\/div>\n<div><img loading=\"lazy\" decoding=\"async\" class=\" aligncenter\" src=\"http:\/\/www.blogdotarugao.com.br\/v1\/wp-content\/uploads\/2015\/01\/Banner-Rezende.png\" alt=\"\" width=\"501\" height=\"163\" \/><\/div>\n<div><\/div>\n","protected":false},"excerpt":{"rendered":"<p>Dando continuidade ao seu estilo de grande realizador, o prefeito de Itarantim inaugurou, nesta ter\u00e7a-feira (7), uma nova creche municipal que beneficiar\u00e1 os moradores das Populares, Portelinha, F\u00e9lix Mendon\u00e7a, Cajazeiras a adjac\u00eancias. Em seu discurso de inaugura\u00e7\u00e3o, o prefeito Paulo Fernandes fez uma justa men\u00e7\u00e3o ao saudoso Auril\u00e9cio Damasceno, que foi homenageado com a denomina\u00e7\u00e3o [&hellip;]<\/p>\n","protected":false},"author":2,"featured_media":0,"comment_status":"open","ping_status":"open","sticky":false,"template":"","format":"standard","meta":{"footnotes":"","_links_to":"","_links_to_target":""},"categories":[1],"tags":[],"class_list":["post-48285","post","type-post","status-publish","format-standard","hentry","category-geral"],"views":3971,"_links":{"self":[{"href":"https:\/\/www.sudoestehoje.com.br\/novoportal\/wp-json\/wp\/v2\/posts\/48285","targetHints":{"allow":["GET"]}}],"collection":[{"href":"https:\/\/www.sudoestehoje.com.br\/novoportal\/wp-json\/wp\/v2\/posts"}],"about":[{"href":"https:\/\/www.sudoestehoje.com.br\/novoportal\/wp-json\/wp\/v2\/types\/post"}],"author":[{"embeddable":true,"href":"https:\/\/www.sudoestehoje.com.br\/novoportal\/wp-json\/wp\/v2\/users\/2"}],"replies":[{"embeddable":true,"href":"https:\/\/www.sudoestehoje.com.br\/novoportal\/wp-json\/wp\/v2\/comments?post=48285"}],"version-history":[{"count":5,"href":"https:\/\/www.sudoestehoje.com.br\/novoportal\/wp-json\/wp\/v2\/posts\/48285\/revisions"}],"predecessor-version":[{"id":48318,"href":"https:\/\/www.sudoestehoje.com.br\/novoportal\/wp-json\/wp\/v2\/posts\/48285\/revisions\/48318"}],"wp:attachment":[{"href":"https:\/\/www.sudoestehoje.com.br\/novoportal\/wp-json\/wp\/v2\/media?parent=48285"}],"wp:term":[{"taxonomy":"category","embeddable":true,"href":"https:\/\/www.sudoestehoje.com.br\/novoportal\/wp-json\/wp\/v2\/categories?post=48285"},{"taxonomy":"post_tag","embeddable":true,"href":"https:\/\/www.sudoestehoje.com.br\/novoportal\/wp-json\/wp\/v2\/tags?post=48285"}],"curies":[{"name":"wp","href":"https:\/\/api.w.org\/{rel}","templated":true}]}}