
{"id":48282,"date":"2015-04-08T15:04:50","date_gmt":"2015-04-08T18:04:50","guid":{"rendered":"http:\/\/www.sudoestehoje.com.br\/novoportal\/?p=48282"},"modified":"2015-04-08T22:06:43","modified_gmt":"2015-04-09T01:06:43","slug":"feira-de-santana-governo-do-estado-da-calote-no-hospital-da-crianca","status":"publish","type":"post","link":"https:\/\/www.sudoestehoje.com.br\/novoportal\/2015\/04\/08\/feira-de-santana-governo-do-estado-da-calote-no-hospital-da-crianca\/","title":{"rendered":"FEIRA DE SANTANA: GOVERNO DO ESTADO D\u00c1 CALOTE NO HOSPITAL DA CRIAN\u00c7A"},"content":{"rendered":"<p><a href=\"http:\/\/www.sudoestehoje.com.br\/novoportal\/wp-content\/uploads\/2015\/04\/HC.jpg\"><img loading=\"lazy\" decoding=\"async\" class=\"aligncenter size-medium wp-image-48283\" src=\"http:\/\/www.sudoestehoje.com.br\/novoportal\/wp-content\/uploads\/2015\/04\/HC-500x334.jpg\" alt=\"HC\" width=\"500\" height=\"334\" srcset=\"https:\/\/www.sudoestehoje.com.br\/novoportal\/wp-content\/uploads\/2015\/04\/HC-500x334.jpg 500w, https:\/\/www.sudoestehoje.com.br\/novoportal\/wp-content\/uploads\/2015\/04\/HC-150x100.jpg 150w, https:\/\/www.sudoestehoje.com.br\/novoportal\/wp-content\/uploads\/2015\/04\/HC.jpg 640w\" sizes=\"auto, (max-width: 500px) 100vw, 500px\" \/><\/a><\/p>\n<p>O governo da Bahia segue o mesmo descaso do governo federal com a sa\u00fade p\u00fablica. O Hospital Estadual da Crian\u00e7a (HEC) de Feira de Santana pode interromper totalmente suas atividades devido ao atraso nos repasses de R$ 22.174.240,00, referente \u00e0s faturas de dezembro, janeiro, fevereiro e mar\u00e7o.<\/p>\n<p>Sem dinheiro, a unidade m\u00e9dica est\u00e1 com os estoques de alimentos, materiais espec\u00edficos e medicamentos reduzidos, al\u00e9m de j\u00e1 ter suspendido as cirurgias eletivas e a marca\u00e7\u00e3o de consultas a partir de hoje.<\/p>\n<p>A assessoria do hospital estima que as provis\u00f5es s\u00f3 durem esta semana. O atraso compromete o pagamento dos sal\u00e1rios de m\u00e9dicos e funcion\u00e1rios.<\/p>\n<p><img decoding=\"async\" class=\"aligncenter\" src=\"http:\/\/www.sudoestehoje.com.br\/novoportal\/wp-content\/uploads\/2014\/09\/supermoda.png\" alt=\"supermoda\" \/><\/p>\n","protected":false},"excerpt":{"rendered":"<p>O governo da Bahia segue o mesmo descaso do governo federal com a sa\u00fade p\u00fablica. O Hospital Estadual da Crian\u00e7a (HEC) de Feira de Santana pode interromper totalmente suas atividades devido ao atraso nos repasses de R$ 22.174.240,00, referente \u00e0s faturas de dezembro, janeiro, fevereiro e mar\u00e7o. Sem dinheiro, a unidade m\u00e9dica est\u00e1 com os [&hellip;]<\/p>\n","protected":false},"author":2,"featured_media":0,"comment_status":"open","ping_status":"open","sticky":false,"template":"","format":"standard","meta":{"footnotes":"","_links_to":"","_links_to_target":""},"categories":[1],"tags":[],"class_list":["post-48282","post","type-post","status-publish","format-standard","hentry","category-geral"],"views":2700,"_links":{"self":[{"href":"https:\/\/www.sudoestehoje.com.br\/novoportal\/wp-json\/wp\/v2\/posts\/48282","targetHints":{"allow":["GET"]}}],"collection":[{"href":"https:\/\/www.sudoestehoje.com.br\/novoportal\/wp-json\/wp\/v2\/posts"}],"about":[{"href":"https:\/\/www.sudoestehoje.com.br\/novoportal\/wp-json\/wp\/v2\/types\/post"}],"author":[{"embeddable":true,"href":"https:\/\/www.sudoestehoje.com.br\/novoportal\/wp-json\/wp\/v2\/users\/2"}],"replies":[{"embeddable":true,"href":"https:\/\/www.sudoestehoje.com.br\/novoportal\/wp-json\/wp\/v2\/comments?post=48282"}],"version-history":[{"count":2,"href":"https:\/\/www.sudoestehoje.com.br\/novoportal\/wp-json\/wp\/v2\/posts\/48282\/revisions"}],"predecessor-version":[{"id":48319,"href":"https:\/\/www.sudoestehoje.com.br\/novoportal\/wp-json\/wp\/v2\/posts\/48282\/revisions\/48319"}],"wp:attachment":[{"href":"https:\/\/www.sudoestehoje.com.br\/novoportal\/wp-json\/wp\/v2\/media?parent=48282"}],"wp:term":[{"taxonomy":"category","embeddable":true,"href":"https:\/\/www.sudoestehoje.com.br\/novoportal\/wp-json\/wp\/v2\/categories?post=48282"},{"taxonomy":"post_tag","embeddable":true,"href":"https:\/\/www.sudoestehoje.com.br\/novoportal\/wp-json\/wp\/v2\/tags?post=48282"}],"curies":[{"name":"wp","href":"https:\/\/api.w.org\/{rel}","templated":true}]}}