
{"id":48276,"date":"2015-04-08T14:46:18","date_gmt":"2015-04-08T17:46:18","guid":{"rendered":"http:\/\/www.sudoestehoje.com.br\/novoportal\/?p=48276"},"modified":"2015-04-08T22:09:03","modified_gmt":"2015-04-09T01:09:03","slug":"em-bandeira-do-colonia-obra-parou-ha-6-meses-por-falta-de-areia-e-cimento","status":"publish","type":"post","link":"https:\/\/www.sudoestehoje.com.br\/novoportal\/2015\/04\/08\/em-bandeira-do-colonia-obra-parou-ha-6-meses-por-falta-de-areia-e-cimento\/","title":{"rendered":"EM BANDEIRA DO COL\u00d4NIA, OBRA PAROU H\u00c1 6 MESES POR FALTA DE AREIA E CIMENTO"},"content":{"rendered":"<p><a href=\"http:\/\/www.sudoestehoje.com.br\/novoportal\/wp-content\/uploads\/2015\/04\/rua-1.jpg\"><img loading=\"lazy\" decoding=\"async\" class=\"aligncenter  wp-image-48277\" src=\"http:\/\/www.sudoestehoje.com.br\/novoportal\/wp-content\/uploads\/2015\/04\/rua-1-500x667.jpg\" alt=\"rua 1\" width=\"401\" height=\"535\" srcset=\"https:\/\/www.sudoestehoje.com.br\/novoportal\/wp-content\/uploads\/2015\/04\/rua-1-500x667.jpg 500w, https:\/\/www.sudoestehoje.com.br\/novoportal\/wp-content\/uploads\/2015\/04\/rua-1-675x900.jpg 675w, https:\/\/www.sudoestehoje.com.br\/novoportal\/wp-content\/uploads\/2015\/04\/rua-1-113x150.jpg 113w, https:\/\/www.sudoestehoje.com.br\/novoportal\/wp-content\/uploads\/2015\/04\/rua-1.jpg 720w\" sizes=\"auto, (max-width: 401px) 100vw, 401px\" \/><\/a><\/p>\n<p>ITAPETINGA: H\u00e1 seis meses, a prefeitura iniciou uma obra de recupera\u00e7\u00e3o do cal\u00e7amento da rua Clemente Mariane, no distrito de Bandeira do Col\u00f4nia, com a retirada do antigo pavimento, para corre\u00e7\u00e3o posterior.<\/p>\n<p>Mal iniciou, a obra parou e caiu no esquecimento, por &#8220;falta de cimento e areia&#8221;, segundo argumento do administrador distrital, diante das reclama\u00e7\u00f5es da popula\u00e7\u00e3o.<\/p>\n<p>Segundo um experiente calceteiro de Itapetinga, que examinou as fotos enviadas por um morador do distrito, 2 ou 3 carros de areia lavada e cerca de 25 sacos de cimento, resolveria o problema, mas a Secretaria de Obras n\u00e3o quer nem tomar conhecimento do problema. Uma vergonha&#8230;<\/p>\n<p>Confira mais fotos:<\/p>\n<p><img decoding=\"async\" class=\"aligncenter\" src=\"http:\/\/www.sudoestehoje.com.br\/novoportal\/wp-content\/uploads\/2014\/11\/RAMOS-PNEUS-HORIZONTAL-500x332.jpg\" alt=\"RAMOS PNEUS HORIZONTAL\" \/><\/p>\n<p><!--more--><\/p>\n<p><a href=\"http:\/\/www.sudoestehoje.com.br\/novoportal\/wp-content\/uploads\/2015\/04\/rua-2.jpg\"><img loading=\"lazy\" decoding=\"async\" class=\"aligncenter size-medium wp-image-48278\" src=\"http:\/\/www.sudoestehoje.com.br\/novoportal\/wp-content\/uploads\/2015\/04\/rua-2-500x667.jpg\" alt=\"rua 2\" width=\"500\" height=\"667\" srcset=\"https:\/\/www.sudoestehoje.com.br\/novoportal\/wp-content\/uploads\/2015\/04\/rua-2-500x667.jpg 500w, https:\/\/www.sudoestehoje.com.br\/novoportal\/wp-content\/uploads\/2015\/04\/rua-2-675x900.jpg 675w, https:\/\/www.sudoestehoje.com.br\/novoportal\/wp-content\/uploads\/2015\/04\/rua-2-113x150.jpg 113w, https:\/\/www.sudoestehoje.com.br\/novoportal\/wp-content\/uploads\/2015\/04\/rua-2.jpg 720w\" sizes=\"auto, (max-width: 500px) 100vw, 500px\" \/><\/a><\/p>\n<p><a href=\"http:\/\/www.sudoestehoje.com.br\/novoportal\/wp-content\/uploads\/2015\/04\/rua-3.jpg\"><img loading=\"lazy\" decoding=\"async\" class=\"aligncenter size-medium wp-image-48279\" src=\"http:\/\/www.sudoestehoje.com.br\/novoportal\/wp-content\/uploads\/2015\/04\/rua-3-500x667.jpg\" alt=\"rua 3\" width=\"500\" height=\"667\" srcset=\"https:\/\/www.sudoestehoje.com.br\/novoportal\/wp-content\/uploads\/2015\/04\/rua-3-500x667.jpg 500w, https:\/\/www.sudoestehoje.com.br\/novoportal\/wp-content\/uploads\/2015\/04\/rua-3-675x900.jpg 675w, https:\/\/www.sudoestehoje.com.br\/novoportal\/wp-content\/uploads\/2015\/04\/rua-3-113x150.jpg 113w, https:\/\/www.sudoestehoje.com.br\/novoportal\/wp-content\/uploads\/2015\/04\/rua-3.jpg 720w\" sizes=\"auto, (max-width: 500px) 100vw, 500px\" \/><\/a><\/p>\n<p><strong><em>Por Davi Ferraz<\/em><\/strong><\/p>\n","protected":false},"excerpt":{"rendered":"<p>ITAPETINGA: H\u00e1 seis meses, a prefeitura iniciou uma obra de recupera\u00e7\u00e3o do cal\u00e7amento da rua Clemente Mariane, no distrito de Bandeira do Col\u00f4nia, com a retirada do antigo pavimento, para corre\u00e7\u00e3o posterior. Mal iniciou, a obra parou e caiu no esquecimento, por &#8220;falta de cimento e areia&#8221;, segundo argumento do administrador distrital, diante das reclama\u00e7\u00f5es [&hellip;]<\/p>\n","protected":false},"author":2,"featured_media":0,"comment_status":"open","ping_status":"open","sticky":false,"template":"","format":"standard","meta":{"footnotes":"","_links_to":"","_links_to_target":""},"categories":[1],"tags":[],"class_list":["post-48276","post","type-post","status-publish","format-standard","hentry","category-geral"],"views":2025,"_links":{"self":[{"href":"https:\/\/www.sudoestehoje.com.br\/novoportal\/wp-json\/wp\/v2\/posts\/48276","targetHints":{"allow":["GET"]}}],"collection":[{"href":"https:\/\/www.sudoestehoje.com.br\/novoportal\/wp-json\/wp\/v2\/posts"}],"about":[{"href":"https:\/\/www.sudoestehoje.com.br\/novoportal\/wp-json\/wp\/v2\/types\/post"}],"author":[{"embeddable":true,"href":"https:\/\/www.sudoestehoje.com.br\/novoportal\/wp-json\/wp\/v2\/users\/2"}],"replies":[{"embeddable":true,"href":"https:\/\/www.sudoestehoje.com.br\/novoportal\/wp-json\/wp\/v2\/comments?post=48276"}],"version-history":[{"count":4,"href":"https:\/\/www.sudoestehoje.com.br\/novoportal\/wp-json\/wp\/v2\/posts\/48276\/revisions"}],"predecessor-version":[{"id":48321,"href":"https:\/\/www.sudoestehoje.com.br\/novoportal\/wp-json\/wp\/v2\/posts\/48276\/revisions\/48321"}],"wp:attachment":[{"href":"https:\/\/www.sudoestehoje.com.br\/novoportal\/wp-json\/wp\/v2\/media?parent=48276"}],"wp:term":[{"taxonomy":"category","embeddable":true,"href":"https:\/\/www.sudoestehoje.com.br\/novoportal\/wp-json\/wp\/v2\/categories?post=48276"},{"taxonomy":"post_tag","embeddable":true,"href":"https:\/\/www.sudoestehoje.com.br\/novoportal\/wp-json\/wp\/v2\/tags?post=48276"}],"curies":[{"name":"wp","href":"https:\/\/api.w.org\/{rel}","templated":true}]}}