
{"id":48265,"date":"2015-04-07T23:56:55","date_gmt":"2015-04-08T02:56:55","guid":{"rendered":"http:\/\/www.sudoestehoje.com.br\/novoportal\/?p=48265"},"modified":"2015-04-08T22:13:25","modified_gmt":"2015-04-09T01:13:25","slug":"herzem-pede-audiencia-publica-em-conquista-para-discutir-seguranca","status":"publish","type":"post","link":"https:\/\/www.sudoestehoje.com.br\/novoportal\/2015\/04\/07\/herzem-pede-audiencia-publica-em-conquista-para-discutir-seguranca\/","title":{"rendered":"HERZEM PEDE AUDI\u00caNCIA P\u00daBLICA EM CONQUISTA PARA DISCUTIR SEGURAN\u00c7A"},"content":{"rendered":"<p class=\"yiv5166982528MsoNormal\"><a href=\"http:\/\/www.sudoestehoje.com.br\/novoportal\/wp-content\/uploads\/2015\/04\/Herzem-Seguran\u00e7a.jpg\"><img loading=\"lazy\" decoding=\"async\" class=\"aligncenter size-medium wp-image-48266\" src=\"http:\/\/www.sudoestehoje.com.br\/novoportal\/wp-content\/uploads\/2015\/04\/Herzem-Seguran\u00e7a-500x375.jpg\" alt=\"Herzem - Seguran\u00e7a\" width=\"500\" height=\"375\" srcset=\"https:\/\/www.sudoestehoje.com.br\/novoportal\/wp-content\/uploads\/2015\/04\/Herzem-Seguran\u00e7a-500x375.jpg 500w, https:\/\/www.sudoestehoje.com.br\/novoportal\/wp-content\/uploads\/2015\/04\/Herzem-Seguran\u00e7a-700x525.jpg 700w, https:\/\/www.sudoestehoje.com.br\/novoportal\/wp-content\/uploads\/2015\/04\/Herzem-Seguran\u00e7a-150x113.jpg 150w, https:\/\/www.sudoestehoje.com.br\/novoportal\/wp-content\/uploads\/2015\/04\/Herzem-Seguran\u00e7a.jpg 1280w\" sizes=\"auto, (max-width: 500px) 100vw, 500px\" \/><\/a><\/p>\n<p id=\"yui_3_16_0_1_1428459606058_10480\" class=\"yiv5166982528MsoNormal\"><span id=\"yui_3_16_0_1_1428459606058_10479\">Na manh\u00e3 desta ter\u00e7a-feira (7), o deputado estadual Herzem Gusm\u00e3o (PMDB) participou, no audit\u00f3rio do Minist\u00e9rio P\u00fablico, da Comiss\u00e3o de Seguran\u00e7a\u00a0 Direitos Humanos, em que foi apresentado pelo secret\u00e1rio de Seguran\u00e7a P\u00fablica, Maur\u00edcio Barbosa, um balan\u00e7o com metas, investimentos e diagn\u00f3stico para o setor no Estado.<\/span><\/p>\n<p id=\"yui_3_16_0_1_1428459606058_10597\" class=\"yiv5166982528MsoNormal\"><span id=\"yui_3_16_0_1_1428459606058_10596\">Herzem Gusm\u00e3o elogiou a qualidade e o Projeto do Plano Estadual de Seguran\u00e7a, mas, no entanto, lamentou que a iniciativa ainda n\u00e3o tenha sa\u00eddo do papel. \u201cAssisti a uma explana\u00e7\u00e3o na Assembleia Legislativa em que o deputado J\u00e2nio Natal fazia refer\u00eancia \u00e0 criminalidade em Porto Seguro, um dos principais pontos tur\u00edsticos do Brasil. <\/span><\/p>\n<p class=\"yiv5166982528MsoNormal\"><span id=\"yui_3_16_0_1_1428459606058_10596\">Segundo ele, em alguns bairros, como o Baian\u00e3o, tem at\u00e9 toque de recolher. Vit\u00f3ria da Conquista tamb\u00e9m n\u00e3o fica muito atr\u00e1s. O munic\u00edpio vive um momento dif\u00edcil, como um dos mais violentos do pa\u00eds, ocupando a triste posi\u00e7\u00e3o de oitava coloca\u00e7\u00e3o em mortes de jovens\u201d, atribuiu o parlamentar, acrescentando que est\u00e1 prevista para o \u00a0dia 24, uma audi\u00eancia p\u00fablica na cidade com a Comiss\u00e3o de Seguran\u00e7a e Direitos Humanos, al\u00e9m dos diversos seguimentos da sociedade, para debater sobre o assunto, oportunidade para que o governo do Estado conhe\u00e7a a realidade da Regi\u00e3o Sudoeste. Ascom<\/span><\/p>\n<p class=\"yiv5166982528MsoNormal\"><img loading=\"lazy\" decoding=\"async\" class=\"aligncenter\" src=\"http:\/\/2.bp.blogspot.com\/-70-eOs__L20\/VPCyusPhXRI\/AAAAAAAACAQ\/KHorKekdACs\/s640\/tarug%C3%A3o1.jpg\" alt=\"\" width=\"501\" height=\"141\" \/><\/p>\n","protected":false},"excerpt":{"rendered":"<p>Na manh\u00e3 desta ter\u00e7a-feira (7), o deputado estadual Herzem Gusm\u00e3o (PMDB) participou, no audit\u00f3rio do Minist\u00e9rio P\u00fablico, da Comiss\u00e3o de Seguran\u00e7a\u00a0 Direitos Humanos, em que foi apresentado pelo secret\u00e1rio de Seguran\u00e7a P\u00fablica, Maur\u00edcio Barbosa, um balan\u00e7o com metas, investimentos e diagn\u00f3stico para o setor no Estado. Herzem Gusm\u00e3o elogiou a qualidade e o Projeto do [&hellip;]<\/p>\n","protected":false},"author":2,"featured_media":0,"comment_status":"open","ping_status":"open","sticky":false,"template":"","format":"standard","meta":{"footnotes":"","_links_to":"","_links_to_target":""},"categories":[1],"tags":[],"class_list":["post-48265","post","type-post","status-publish","format-standard","hentry","category-geral"],"views":1136,"_links":{"self":[{"href":"https:\/\/www.sudoestehoje.com.br\/novoportal\/wp-json\/wp\/v2\/posts\/48265","targetHints":{"allow":["GET"]}}],"collection":[{"href":"https:\/\/www.sudoestehoje.com.br\/novoportal\/wp-json\/wp\/v2\/posts"}],"about":[{"href":"https:\/\/www.sudoestehoje.com.br\/novoportal\/wp-json\/wp\/v2\/types\/post"}],"author":[{"embeddable":true,"href":"https:\/\/www.sudoestehoje.com.br\/novoportal\/wp-json\/wp\/v2\/users\/2"}],"replies":[{"embeddable":true,"href":"https:\/\/www.sudoestehoje.com.br\/novoportal\/wp-json\/wp\/v2\/comments?post=48265"}],"version-history":[{"count":3,"href":"https:\/\/www.sudoestehoje.com.br\/novoportal\/wp-json\/wp\/v2\/posts\/48265\/revisions"}],"predecessor-version":[{"id":48324,"href":"https:\/\/www.sudoestehoje.com.br\/novoportal\/wp-json\/wp\/v2\/posts\/48265\/revisions\/48324"}],"wp:attachment":[{"href":"https:\/\/www.sudoestehoje.com.br\/novoportal\/wp-json\/wp\/v2\/media?parent=48265"}],"wp:term":[{"taxonomy":"category","embeddable":true,"href":"https:\/\/www.sudoestehoje.com.br\/novoportal\/wp-json\/wp\/v2\/categories?post=48265"},{"taxonomy":"post_tag","embeddable":true,"href":"https:\/\/www.sudoestehoje.com.br\/novoportal\/wp-json\/wp\/v2\/tags?post=48265"}],"curies":[{"name":"wp","href":"https:\/\/api.w.org\/{rel}","templated":true}]}}