
{"id":4825,"date":"2011-05-08T15:14:06","date_gmt":"2011-05-08T18:14:06","guid":{"rendered":"http:\/\/www.sudoestehoje.com.br\/novoportal\/?p=4825"},"modified":"2011-05-08T15:16:13","modified_gmt":"2011-05-08T18:16:13","slug":"homens-de-verdade","status":"publish","type":"post","link":"https:\/\/www.sudoestehoje.com.br\/novoportal\/2011\/05\/08\/homens-de-verdade\/","title":{"rendered":"HOMENS DE VERDADE"},"content":{"rendered":"<p style=\"text-align: center;\"><a id=\"apf1\" href=\"http:\/\/www.google.com.br\/imgres?imgurl=http:\/\/files.itapetingaaluga.webnode.pt\/200000027-1d5861e51f\/Itapetinga%2520a%2520muitos%2520anos%2520atr%C3%A1s.jpg&amp;imgrefurl=http:\/\/www.itapetingaaluga.com\/news\/historia-de-itapetinga\/&amp;usg=__o9Pjg2XgD3fFUkkVwXeNdzje61A=&amp;h=300&amp;w=400&amp;sz=49&amp;hl=pt-BR&amp;start=62&amp;zoom=1&amp;um=1&amp;itbs=1&amp;tbnid=_Rcq4HTmo8kB2M:&amp;tbnh=93&amp;tbnw=124&amp;prev=\/search%3Fq%3Despinheira%2Be%2Bjuvino%2Boliveira%26start%3D60%26um%3D1%26hl%3Dpt-BR%26sa%3DN%26rlz%3D1R2SKPB_pt-BRBR354%26ndsp%3D20%26biw%3D1259%26bih%3D610%26tbm%3Disch&amp;ei=ON3GTbv4Oo7UgQeB0rzMBA\"><img loading=\"lazy\" decoding=\"async\" id=\"ipf_Rcq4HTmo8kB2M:\" class=\"aligncenter\" src=\"http:\/\/t2.gstatic.com\/images?q=tbn:ANd9GcSJ5OMqbu6Vmm5MoC2PYDFmQtUkXpOnkLz1lLd7y_uOGLgmaUwosr2uLKM\" alt=\"\" width=\"124\" height=\"93\" \/><\/a><\/p>\n<p>Revendo o nosso acervo de fotos antigas, bateu uma saudade imensa dos anos 60\/70, inicio da minha adolesc\u00eancia e juventude. Era, sem d\u00favida, uma \u00e9poca de grandes realiza\u00e7\u00f5es e homens\u00a0de verdade. Juvino Oliveira, Espinheira, Clodoaldo Costa, Vespaziano Dias, Jos\u00e9 Luna, dentre outros. Todas as exposi\u00e7\u00f5es eram prestigiadas pelas autoridades federais, estaduais e regionais, a exemplo de J\u00e2nio Quadros, Ademar de Barros,\u00a0Ant\u00f4nio Balbino, Lomanto Junior, Waldir Pires,\u00a0Luiz Viana, Roberto Santos, ACM, Henrique Brito, Clodoaldo Costa e\u00a0Euj\u00e1cio Sim\u00f5es (pai). Hoje, quando olhamos para as figuras rid\u00edculas e inexpressivas que dominam o cen\u00e1rio pol\u00edtico local e estadual, d\u00e1 vontade at\u00e9 de chorar. Deus me livre&#8230;<\/p>\n","protected":false},"excerpt":{"rendered":"<p>Revendo o nosso acervo de fotos antigas, bateu uma saudade imensa dos anos 60\/70, inicio da minha adolesc\u00eancia e juventude. Era, sem d\u00favida, uma \u00e9poca de grandes realiza\u00e7\u00f5es e homens\u00a0de verdade. Juvino Oliveira, Espinheira, Clodoaldo Costa, Vespaziano Dias, Jos\u00e9 Luna, dentre outros. Todas as exposi\u00e7\u00f5es eram prestigiadas pelas autoridades federais, estaduais e regionais, a exemplo [&hellip;]<\/p>\n","protected":false},"author":2,"featured_media":0,"comment_status":"open","ping_status":"open","sticky":false,"template":"","format":"standard","meta":{"footnotes":"","_links_to":"","_links_to_target":""},"categories":[11],"tags":[],"class_list":["post-4825","post","type-post","status-publish","format-standard","hentry","category-quentinhas"],"views":184,"_links":{"self":[{"href":"https:\/\/www.sudoestehoje.com.br\/novoportal\/wp-json\/wp\/v2\/posts\/4825","targetHints":{"allow":["GET"]}}],"collection":[{"href":"https:\/\/www.sudoestehoje.com.br\/novoportal\/wp-json\/wp\/v2\/posts"}],"about":[{"href":"https:\/\/www.sudoestehoje.com.br\/novoportal\/wp-json\/wp\/v2\/types\/post"}],"author":[{"embeddable":true,"href":"https:\/\/www.sudoestehoje.com.br\/novoportal\/wp-json\/wp\/v2\/users\/2"}],"replies":[{"embeddable":true,"href":"https:\/\/www.sudoestehoje.com.br\/novoportal\/wp-json\/wp\/v2\/comments?post=4825"}],"version-history":[{"count":3,"href":"https:\/\/www.sudoestehoje.com.br\/novoportal\/wp-json\/wp\/v2\/posts\/4825\/revisions"}],"predecessor-version":[{"id":4827,"href":"https:\/\/www.sudoestehoje.com.br\/novoportal\/wp-json\/wp\/v2\/posts\/4825\/revisions\/4827"}],"wp:attachment":[{"href":"https:\/\/www.sudoestehoje.com.br\/novoportal\/wp-json\/wp\/v2\/media?parent=4825"}],"wp:term":[{"taxonomy":"category","embeddable":true,"href":"https:\/\/www.sudoestehoje.com.br\/novoportal\/wp-json\/wp\/v2\/categories?post=4825"},{"taxonomy":"post_tag","embeddable":true,"href":"https:\/\/www.sudoestehoje.com.br\/novoportal\/wp-json\/wp\/v2\/tags?post=4825"}],"curies":[{"name":"wp","href":"https:\/\/api.w.org\/{rel}","templated":true}]}}