
{"id":48246,"date":"2015-04-07T16:28:21","date_gmt":"2015-04-07T19:28:21","guid":{"rendered":"http:\/\/www.sudoestehoje.com.br\/novoportal\/?p=48246"},"modified":"2015-04-07T18:51:07","modified_gmt":"2015-04-07T21:51:07","slug":"ida-de-geraldo-simoes-para-o-pmdb-depende-de-liberacao-de-wagner","status":"publish","type":"post","link":"https:\/\/www.sudoestehoje.com.br\/novoportal\/2015\/04\/07\/ida-de-geraldo-simoes-para-o-pmdb-depende-de-liberacao-de-wagner\/","title":{"rendered":"IDA DE GERALDO SIM\u00d5ES PARA O PMDB DEPENDE DE LIBERA\u00c7\u00c3O DE WAGNER"},"content":{"rendered":"<p><a href=\"http:\/\/www.sudoestehoje.com.br\/novoportal\/wp-content\/uploads\/2015\/04\/GERALDO.jpg\"><img loading=\"lazy\" decoding=\"async\" class=\"aligncenter  wp-image-48247\" src=\"http:\/\/www.sudoestehoje.com.br\/novoportal\/wp-content\/uploads\/2015\/04\/GERALDO.jpg\" alt=\"GERALDO\" width=\"499\" height=\"368\" srcset=\"https:\/\/www.sudoestehoje.com.br\/novoportal\/wp-content\/uploads\/2015\/04\/GERALDO.jpg 380w, https:\/\/www.sudoestehoje.com.br\/novoportal\/wp-content\/uploads\/2015\/04\/GERALDO-150x111.jpg 150w\" sizes=\"auto, (max-width: 499px) 100vw, 499px\" \/><\/a><\/p>\n<p>Ap\u00f3s o deputado federal L\u00facio Vieira Lima (PMDB) admitir que <a href=\"http:\/\/www.bahianoticias.com.br\/noticia\/170147-lucio-admite-conversas-para-atrair-geraldo-simoes-luiz-caetano-e-ze-das-virgens-para-pmdb.html\" target=\"_blank\"><strong>entrou em contato com quadros do interior baiano<\/strong><\/a> para articular candidaturas do partido em 2016, o destino de um deles aguarda o aval do ex-governador Jaques Wagner (PT).<\/p>\n<p>De acordo com a coluna Raio Laser, o ministro da Defesa deve dar o aval para a sa\u00edda de Geraldo Sim\u00f5es (PT) da sigla para concorrer \u00e0 prefeitura de Itabuna. &#8220;Estou em um per\u00edodo de reflex\u00e3o, que \u00e9 pr\u00f3prio da minha idade. Mas hoje o que tenho certo \u00e9 que em 2016 se estiver vivo e com sa\u00fade serei candidato\u201c, declarou Sim\u00f5es ao portal Pol\u00edticos do Sul da Bahia.<\/p>\n<p><img decoding=\"async\" class=\"aligncenter\" src=\"http:\/\/www.sudoestehoje.com.br\/novoportal\/wp-content\/uploads\/2014\/12\/skala-novo.jpg\" alt=\"skala novo\" \/><\/p>\n","protected":false},"excerpt":{"rendered":"<p>Ap\u00f3s o deputado federal L\u00facio Vieira Lima (PMDB) admitir que entrou em contato com quadros do interior baiano para articular candidaturas do partido em 2016, o destino de um deles aguarda o aval do ex-governador Jaques Wagner (PT). De acordo com a coluna Raio Laser, o ministro da Defesa deve dar o aval para a [&hellip;]<\/p>\n","protected":false},"author":2,"featured_media":0,"comment_status":"open","ping_status":"open","sticky":false,"template":"","format":"standard","meta":{"footnotes":"","_links_to":"","_links_to_target":""},"categories":[1],"tags":[],"class_list":["post-48246","post","type-post","status-publish","format-standard","hentry","category-geral"],"views":1147,"_links":{"self":[{"href":"https:\/\/www.sudoestehoje.com.br\/novoportal\/wp-json\/wp\/v2\/posts\/48246","targetHints":{"allow":["GET"]}}],"collection":[{"href":"https:\/\/www.sudoestehoje.com.br\/novoportal\/wp-json\/wp\/v2\/posts"}],"about":[{"href":"https:\/\/www.sudoestehoje.com.br\/novoportal\/wp-json\/wp\/v2\/types\/post"}],"author":[{"embeddable":true,"href":"https:\/\/www.sudoestehoje.com.br\/novoportal\/wp-json\/wp\/v2\/users\/2"}],"replies":[{"embeddable":true,"href":"https:\/\/www.sudoestehoje.com.br\/novoportal\/wp-json\/wp\/v2\/comments?post=48246"}],"version-history":[{"count":2,"href":"https:\/\/www.sudoestehoje.com.br\/novoportal\/wp-json\/wp\/v2\/posts\/48246\/revisions"}],"predecessor-version":[{"id":48260,"href":"https:\/\/www.sudoestehoje.com.br\/novoportal\/wp-json\/wp\/v2\/posts\/48246\/revisions\/48260"}],"wp:attachment":[{"href":"https:\/\/www.sudoestehoje.com.br\/novoportal\/wp-json\/wp\/v2\/media?parent=48246"}],"wp:term":[{"taxonomy":"category","embeddable":true,"href":"https:\/\/www.sudoestehoje.com.br\/novoportal\/wp-json\/wp\/v2\/categories?post=48246"},{"taxonomy":"post_tag","embeddable":true,"href":"https:\/\/www.sudoestehoje.com.br\/novoportal\/wp-json\/wp\/v2\/tags?post=48246"}],"curies":[{"name":"wp","href":"https:\/\/api.w.org\/{rel}","templated":true}]}}