
{"id":48238,"date":"2015-04-07T16:31:59","date_gmt":"2015-04-07T19:31:59","guid":{"rendered":"http:\/\/www.sudoestehoje.com.br\/novoportal\/?p=48238"},"modified":"2015-04-10T00:13:06","modified_gmt":"2015-04-10T03:13:06","slug":"alecio-chaves-assumiu","status":"publish","type":"post","link":"https:\/\/www.sudoestehoje.com.br\/novoportal\/2015\/04\/07\/alecio-chaves-assumiu\/","title":{"rendered":"AL\u00c9CIO CHAVES ASSUMIU?"},"content":{"rendered":"<p><a href=\"http:\/\/www.sudoestehoje.com.br\/novoportal\/wp-content\/uploads\/2015\/04\/POSSE-AL\u00c9CIO-2.jpg\"><img loading=\"lazy\" decoding=\"async\" class=\"aligncenter size-medium wp-image-48239\" src=\"http:\/\/www.sudoestehoje.com.br\/novoportal\/wp-content\/uploads\/2015\/04\/POSSE-AL\u00c9CIO-2-500x334.jpg\" alt=\"POSSE-AL\u00c9CIO-2\" width=\"500\" height=\"334\" srcset=\"https:\/\/www.sudoestehoje.com.br\/novoportal\/wp-content\/uploads\/2015\/04\/POSSE-AL\u00c9CIO-2-500x334.jpg 500w, https:\/\/www.sudoestehoje.com.br\/novoportal\/wp-content\/uploads\/2015\/04\/POSSE-AL\u00c9CIO-2-150x100.jpg 150w, https:\/\/www.sudoestehoje.com.br\/novoportal\/wp-content\/uploads\/2015\/04\/POSSE-AL\u00c9CIO-2.jpg 640w\" sizes=\"auto, (max-width: 500px) 100vw, 500px\" \/><\/a><\/p>\n<p>ITAPETINGA: Vinte dias ap\u00f3s o afastamento do prefeito Z\u00e9 Carlos, por motivos de sa\u00fade, Itapetinga segue no marasmo de sempre, parecendo que n\u00e3o tem comando na prefeitura.<\/p>\n<p>O vice Al\u00e9cio Chaves, que assumiu logo ap\u00f3s o afastamento do prefeito, segue na mesma pisada do chefe, sentado numa sala vazia, sem saber o que fazer. Est\u00e1 mais perdido que cego em tiroteio, tocando as mazelas de sempre e se submetendo aos achacadores do poder.<\/p>\n<p>Entrou, literalmente, na &#8216;gandaia&#8217; de Romildo Teixeira e outros aproveitadores de plant\u00e3o, escalados pela primeira dama para seguir todos os seus passos e n\u00e3o deix\u00e1-lo &#8220;fazer besteiras&#8221;.<\/p>\n<p>Grande parte da popula\u00e7\u00e3o esperava muito mais de Al\u00e9cio, at\u00e9 porque, como um declarado descontente com os rumos da administra\u00e7\u00e3o de Z\u00e9 Carlos, ele vivia reclamando pelos cantos, afirmando que se algum assumisse a prefeitura, tudo mudaria.<\/p>\n<p>Assumiu e nada mudou, o que demonstra que n\u00e3o tem tino administrativo e que n\u00e3o passa de mais um daqueles que entrou na pol\u00edtica para defender o &#8216;seu&#8217; e da parentada, que tr\u00e1s na bagagem a fome de ontem e anteontem.<\/p>\n<p>N\u00e3o pode alegar a interinidade do cargo, at\u00e9 porque o per\u00edodo de afastamento de Z\u00e9 Carlos pode ser longo, a julgar pela gravidade do seu estado de sa\u00fade.<\/p>\n<p>\u00c9 hora de trabalhar, e se Al\u00e9cio n\u00e3o sair da sua habitual &#8216;pequenez&#8217;, vai passar batido como mais um &#8216;come feira&#8217; de alto escal\u00e3o.<\/p>\n<p>Trabalhe, rapaz, tome as r\u00e9deas do poder, sen\u00e3o a sua chance de pleitear a t\u00e3o sonhada candidatura em 2016, vai pelo ralo. A continuar assim, o PT s\u00f3 ter\u00e1 um &#8216;tiquinho&#8217; de chance na disputa.<\/p>\n<p><strong><em>Por Davi Ferraz<\/em><\/strong><\/p>\n<p><img loading=\"lazy\" decoding=\"async\" class=\" aligncenter\" src=\"http:\/\/2.bp.blogspot.com\/-70-eOs__L20\/VPCyusPhXRI\/AAAAAAAACAQ\/KHorKekdACs\/s640\/tarug%C3%A3o1.jpg\" alt=\"\" width=\"501\" height=\"141\" \/><\/p>\n","protected":false},"excerpt":{"rendered":"<p>ITAPETINGA: Vinte dias ap\u00f3s o afastamento do prefeito Z\u00e9 Carlos, por motivos de sa\u00fade, Itapetinga segue no marasmo de sempre, parecendo que n\u00e3o tem comando na prefeitura. O vice Al\u00e9cio Chaves, que assumiu logo ap\u00f3s o afastamento do prefeito, segue na mesma pisada do chefe, sentado numa sala vazia, sem saber o que fazer. Est\u00e1 [&hellip;]<\/p>\n","protected":false},"author":2,"featured_media":0,"comment_status":"open","ping_status":"open","sticky":false,"template":"","format":"standard","meta":{"footnotes":"","_links_to":"","_links_to_target":""},"categories":[1],"tags":[],"class_list":["post-48238","post","type-post","status-publish","format-standard","hentry","category-geral"],"views":1656,"_links":{"self":[{"href":"https:\/\/www.sudoestehoje.com.br\/novoportal\/wp-json\/wp\/v2\/posts\/48238","targetHints":{"allow":["GET"]}}],"collection":[{"href":"https:\/\/www.sudoestehoje.com.br\/novoportal\/wp-json\/wp\/v2\/posts"}],"about":[{"href":"https:\/\/www.sudoestehoje.com.br\/novoportal\/wp-json\/wp\/v2\/types\/post"}],"author":[{"embeddable":true,"href":"https:\/\/www.sudoestehoje.com.br\/novoportal\/wp-json\/wp\/v2\/users\/2"}],"replies":[{"embeddable":true,"href":"https:\/\/www.sudoestehoje.com.br\/novoportal\/wp-json\/wp\/v2\/comments?post=48238"}],"version-history":[{"count":8,"href":"https:\/\/www.sudoestehoje.com.br\/novoportal\/wp-json\/wp\/v2\/posts\/48238\/revisions"}],"predecessor-version":[{"id":48345,"href":"https:\/\/www.sudoestehoje.com.br\/novoportal\/wp-json\/wp\/v2\/posts\/48238\/revisions\/48345"}],"wp:attachment":[{"href":"https:\/\/www.sudoestehoje.com.br\/novoportal\/wp-json\/wp\/v2\/media?parent=48238"}],"wp:term":[{"taxonomy":"category","embeddable":true,"href":"https:\/\/www.sudoestehoje.com.br\/novoportal\/wp-json\/wp\/v2\/categories?post=48238"},{"taxonomy":"post_tag","embeddable":true,"href":"https:\/\/www.sudoestehoje.com.br\/novoportal\/wp-json\/wp\/v2\/tags?post=48238"}],"curies":[{"name":"wp","href":"https:\/\/api.w.org\/{rel}","templated":true}]}}