
{"id":48235,"date":"2015-04-07T15:57:54","date_gmt":"2015-04-07T18:57:54","guid":{"rendered":"http:\/\/www.sudoestehoje.com.br\/novoportal\/?p=48235"},"modified":"2015-04-07T18:49:51","modified_gmt":"2015-04-07T21:49:51","slug":"universidades-estaduais-paralisam-nesta-quarta-com-indicativo-de-greve","status":"publish","type":"post","link":"https:\/\/www.sudoestehoje.com.br\/novoportal\/2015\/04\/07\/universidades-estaduais-paralisam-nesta-quarta-com-indicativo-de-greve\/","title":{"rendered":"UNIVERSIDADES ESTADUAIS PARALISAM NESTA QUARTA COM INDICATIVO DE GREVE"},"content":{"rendered":"<p><a href=\"http:\/\/www.sudoestehoje.com.br\/novoportal\/wp-content\/uploads\/2015\/04\/aduneb.jpg\"><img loading=\"lazy\" decoding=\"async\" class=\"aligncenter size-medium wp-image-48236\" src=\"http:\/\/www.sudoestehoje.com.br\/novoportal\/wp-content\/uploads\/2015\/04\/aduneb-500x314.jpg\" alt=\"aduneb\" width=\"500\" height=\"314\" srcset=\"https:\/\/www.sudoestehoje.com.br\/novoportal\/wp-content\/uploads\/2015\/04\/aduneb-500x314.jpg 500w, https:\/\/www.sudoestehoje.com.br\/novoportal\/wp-content\/uploads\/2015\/04\/aduneb-150x94.jpg 150w, https:\/\/www.sudoestehoje.com.br\/novoportal\/wp-content\/uploads\/2015\/04\/aduneb.jpg 594w\" sizes=\"auto, (max-width: 500px) 100vw, 500px\" \/><\/a><\/p>\n<p>As universidades estaduais da Bahia paralisar\u00e3o as atividades acad\u00eamicas nesta quarta-feira (8) para a realiza\u00e7\u00e3o de um ato p\u00fablico em frente \u00e0 Secretaria de Educa\u00e7\u00e3o do Estado, Centro Administrativo da Bahia, em Salvador, em reivindica\u00e7\u00e3o por mais aumento do repasse or\u00e7ament\u00e1rio do estado.<\/p>\n<p>Professores, estudantes e t\u00e9cnicos da Uesb (Universidade Estadual do Sudoeste Baiano), Uneb (Universidade do Estado da Bahia), Uefs (Universidade Estadual de Feira de Santana) e Uesc (Universidade Estadual de Santa Cruz).<\/p>\n<p>A paralisa\u00e7\u00e3o das universidades foi aprovada pelos professores das quatro universidades em assembleia, no final do \u00faltimo m\u00eas de mar\u00e7o, em que deliberaram tamb\u00e9m pelo estado de greve da categoria.<\/p>\n<p><img decoding=\"async\" class=\"aligncenter\" src=\"http:\/\/www.sudoestehoje.com.br\/novoportal\/wp-content\/uploads\/2014\/07\/Feira-do-Lar-1.png\" alt=\"Feira-do-Lar (1)\" \/><\/p>\n","protected":false},"excerpt":{"rendered":"<p>As universidades estaduais da Bahia paralisar\u00e3o as atividades acad\u00eamicas nesta quarta-feira (8) para a realiza\u00e7\u00e3o de um ato p\u00fablico em frente \u00e0 Secretaria de Educa\u00e7\u00e3o do Estado, Centro Administrativo da Bahia, em Salvador, em reivindica\u00e7\u00e3o por mais aumento do repasse or\u00e7ament\u00e1rio do estado. Professores, estudantes e t\u00e9cnicos da Uesb (Universidade Estadual do Sudoeste Baiano), Uneb [&hellip;]<\/p>\n","protected":false},"author":2,"featured_media":0,"comment_status":"open","ping_status":"open","sticky":false,"template":"","format":"standard","meta":{"footnotes":"","_links_to":"","_links_to_target":""},"categories":[1],"tags":[],"class_list":["post-48235","post","type-post","status-publish","format-standard","hentry","category-geral"],"views":1133,"_links":{"self":[{"href":"https:\/\/www.sudoestehoje.com.br\/novoportal\/wp-json\/wp\/v2\/posts\/48235","targetHints":{"allow":["GET"]}}],"collection":[{"href":"https:\/\/www.sudoestehoje.com.br\/novoportal\/wp-json\/wp\/v2\/posts"}],"about":[{"href":"https:\/\/www.sudoestehoje.com.br\/novoportal\/wp-json\/wp\/v2\/types\/post"}],"author":[{"embeddable":true,"href":"https:\/\/www.sudoestehoje.com.br\/novoportal\/wp-json\/wp\/v2\/users\/2"}],"replies":[{"embeddable":true,"href":"https:\/\/www.sudoestehoje.com.br\/novoportal\/wp-json\/wp\/v2\/comments?post=48235"}],"version-history":[{"count":2,"href":"https:\/\/www.sudoestehoje.com.br\/novoportal\/wp-json\/wp\/v2\/posts\/48235\/revisions"}],"predecessor-version":[{"id":48259,"href":"https:\/\/www.sudoestehoje.com.br\/novoportal\/wp-json\/wp\/v2\/posts\/48235\/revisions\/48259"}],"wp:attachment":[{"href":"https:\/\/www.sudoestehoje.com.br\/novoportal\/wp-json\/wp\/v2\/media?parent=48235"}],"wp:term":[{"taxonomy":"category","embeddable":true,"href":"https:\/\/www.sudoestehoje.com.br\/novoportal\/wp-json\/wp\/v2\/categories?post=48235"},{"taxonomy":"post_tag","embeddable":true,"href":"https:\/\/www.sudoestehoje.com.br\/novoportal\/wp-json\/wp\/v2\/tags?post=48235"}],"curies":[{"name":"wp","href":"https:\/\/api.w.org\/{rel}","templated":true}]}}