
{"id":48103,"date":"2015-04-01T22:45:48","date_gmt":"2015-04-02T01:45:48","guid":{"rendered":"http:\/\/www.sudoestehoje.com.br\/novoportal\/?p=48103"},"modified":"2015-04-02T20:33:55","modified_gmt":"2015-04-02T23:33:55","slug":"pesquisa-ibope-mostra-queda-na-avaliacao-do-governo-dilma","status":"publish","type":"post","link":"https:\/\/www.sudoestehoje.com.br\/novoportal\/2015\/04\/01\/pesquisa-ibope-mostra-queda-na-avaliacao-do-governo-dilma\/","title":{"rendered":"SEGUNDO IBOPE, APENAS 12% DA POPULA\u00c7\u00c3O APROVAM GOVERNO DILMA"},"content":{"rendered":"<p><a href=\"http:\/\/www.sudoestehoje.com.br\/novoportal\/wp-content\/uploads\/2015\/04\/IBOPE-GR\u00c1FICO.jpg\"><img loading=\"lazy\" decoding=\"async\" class=\"aligncenter size-medium wp-image-48104\" src=\"http:\/\/www.sudoestehoje.com.br\/novoportal\/wp-content\/uploads\/2015\/04\/IBOPE-GR\u00c1FICO-500x281.jpg\" alt=\"IBOPE GR\u00c1FICO\" width=\"500\" height=\"281\" srcset=\"https:\/\/www.sudoestehoje.com.br\/novoportal\/wp-content\/uploads\/2015\/04\/IBOPE-GR\u00c1FICO-500x281.jpg 500w, https:\/\/www.sudoestehoje.com.br\/novoportal\/wp-content\/uploads\/2015\/04\/IBOPE-GR\u00c1FICO-150x84.jpg 150w, https:\/\/www.sudoestehoje.com.br\/novoportal\/wp-content\/uploads\/2015\/04\/IBOPE-GR\u00c1FICO.jpg 640w\" sizes=\"auto, (max-width: 500px) 100vw, 500px\" \/><\/a><\/p>\n<p><strong><em>Rede Globo &#8211; Jornal Nacional<\/em><\/strong><\/p>\n<p>O Ibope divulgou, nesta quarta-feira (1), uma pesquisa encomendada pela Confedera\u00e7\u00e3o Nacional da Ind\u00fastria sobre a avalia\u00e7\u00e3o do governo da presidente Dilma Rousseff.\u00a0 Segundo o instituto, Dilma inicia o segundo mandato com o pior \u00edndice de popularidade de seu governo.<\/p>\n<p>O n\u00edvel de confian\u00e7a \u00e9 de 95%. Ou seja, levando em conta a margem de erro de dois pontos percentuais, pra mais ou pra menos, \u00e9 de 95% a probabilidade de o resultado retratar a realidade nos dias em que o levantamento foi feito, de 21 a 25 de mar\u00e7o.<\/p>\n<p>Na pesquisa realizada pelo Ibope, divulgada no dia 24 de outubro, 46% consideravam o governo \u00f3timo ou bom. Em dezembro, o \u00edndice caiu para 40%. Agora, caiu novamente, para 12%.<\/p>\n<p>Os que consideravam o governo regular eram 30%. Depois 32% e agora, o \u00edndice caiu para 23%. Os que consideravam o governo ruim ou p\u00e9ssimo eram 23% em outubro. Depois 27%. E agora o \u00edndice subiu para 64%. Nas tr\u00eas pesquisas, 1% n\u00e3o soube responder.<\/p>\n<p>Os que aprovavam a forma como a presidente Dilma administra o pa\u00eds eram 58% em outubro. Depois, o \u00edndice caiu para 52%, e agora caiu novamente para 19%.\u00a0Os que desaprovavam eram 37%. Depois, 41%. E agora o \u00edndice subiu para 78%.\u00a0Os que n\u00e3o souberam ou n\u00e3o responderam eram 5%, depois 8% e agora s\u00e3o 4%.\u00a0O Ibope ouviu 2002 pessoas, em 142 munic\u00edpios.<\/p>\n<p><img decoding=\"async\" class=\"aligncenter\" src=\"http:\/\/www.sudoestehoje.com.br\/novoportal\/wp-content\/uploads\/2014\/11\/RAMOS-PNEUS-HORIZONTAL-500x332.jpg\" alt=\"RAMOS PNEUS HORIZONTAL\" \/><\/p>\n","protected":false},"excerpt":{"rendered":"<p>Rede Globo &#8211; Jornal Nacional O Ibope divulgou, nesta quarta-feira (1), uma pesquisa encomendada pela Confedera\u00e7\u00e3o Nacional da Ind\u00fastria sobre a avalia\u00e7\u00e3o do governo da presidente Dilma Rousseff.\u00a0 Segundo o instituto, Dilma inicia o segundo mandato com o pior \u00edndice de popularidade de seu governo. O n\u00edvel de confian\u00e7a \u00e9 de 95%. Ou seja, levando [&hellip;]<\/p>\n","protected":false},"author":2,"featured_media":0,"comment_status":"open","ping_status":"open","sticky":false,"template":"","format":"standard","meta":{"footnotes":"","_links_to":"","_links_to_target":""},"categories":[1],"tags":[],"class_list":["post-48103","post","type-post","status-publish","format-standard","hentry","category-geral"],"views":1959,"_links":{"self":[{"href":"https:\/\/www.sudoestehoje.com.br\/novoportal\/wp-json\/wp\/v2\/posts\/48103","targetHints":{"allow":["GET"]}}],"collection":[{"href":"https:\/\/www.sudoestehoje.com.br\/novoportal\/wp-json\/wp\/v2\/posts"}],"about":[{"href":"https:\/\/www.sudoestehoje.com.br\/novoportal\/wp-json\/wp\/v2\/types\/post"}],"author":[{"embeddable":true,"href":"https:\/\/www.sudoestehoje.com.br\/novoportal\/wp-json\/wp\/v2\/users\/2"}],"replies":[{"embeddable":true,"href":"https:\/\/www.sudoestehoje.com.br\/novoportal\/wp-json\/wp\/v2\/comments?post=48103"}],"version-history":[{"count":6,"href":"https:\/\/www.sudoestehoje.com.br\/novoportal\/wp-json\/wp\/v2\/posts\/48103\/revisions"}],"predecessor-version":[{"id":48145,"href":"https:\/\/www.sudoestehoje.com.br\/novoportal\/wp-json\/wp\/v2\/posts\/48103\/revisions\/48145"}],"wp:attachment":[{"href":"https:\/\/www.sudoestehoje.com.br\/novoportal\/wp-json\/wp\/v2\/media?parent=48103"}],"wp:term":[{"taxonomy":"category","embeddable":true,"href":"https:\/\/www.sudoestehoje.com.br\/novoportal\/wp-json\/wp\/v2\/categories?post=48103"},{"taxonomy":"post_tag","embeddable":true,"href":"https:\/\/www.sudoestehoje.com.br\/novoportal\/wp-json\/wp\/v2\/tags?post=48103"}],"curies":[{"name":"wp","href":"https:\/\/api.w.org\/{rel}","templated":true}]}}