
{"id":48097,"date":"2015-04-01T22:23:27","date_gmt":"2015-04-02T01:23:27","guid":{"rendered":"http:\/\/www.sudoestehoje.com.br\/novoportal\/?p=48097"},"modified":"2015-04-02T00:01:56","modified_gmt":"2015-04-02T03:01:56","slug":"fjs-disponibiliza-unica-clinica-da-bahia-para-os-casos-de-autismo","status":"publish","type":"post","link":"https:\/\/www.sudoestehoje.com.br\/novoportal\/2015\/04\/01\/fjs-disponibiliza-unica-clinica-da-bahia-para-os-casos-de-autismo\/","title":{"rendered":"FJS DISPONIBILIZA \u00daNICA CL\u00cdNICA DA BAHIA PARA OS CASOS DE AUTISMO"},"content":{"rendered":"<div id=\"attachment_48098\" style=\"width: 510px\" class=\"wp-caption aligncenter\"><a href=\"http:\/\/www.sudoestehoje.com.br\/novoportal\/wp-content\/uploads\/2015\/04\/PestalozziFachada_tratamento-1.jpg\"><img loading=\"lazy\" decoding=\"async\" aria-describedby=\"caption-attachment-48098\" class=\"size-medium wp-image-48098\" src=\"http:\/\/www.sudoestehoje.com.br\/novoportal\/wp-content\/uploads\/2015\/04\/PestalozziFachada_tratamento-1-500x334.jpg\" alt=\"Centro Pestalozzi de Reabilita\u00e7\u00e3o, da Funda\u00e7\u00e3o Jos\u00e9 Silveira, \u00e9 a \u00fanica clinica da Bahia em casos de autismo. \" width=\"500\" height=\"334\" srcset=\"https:\/\/www.sudoestehoje.com.br\/novoportal\/wp-content\/uploads\/2015\/04\/PestalozziFachada_tratamento-1-500x334.jpg 500w, https:\/\/www.sudoestehoje.com.br\/novoportal\/wp-content\/uploads\/2015\/04\/PestalozziFachada_tratamento-1-150x100.jpg 150w, https:\/\/www.sudoestehoje.com.br\/novoportal\/wp-content\/uploads\/2015\/04\/PestalozziFachada_tratamento-1.jpg 670w\" sizes=\"auto, (max-width: 500px) 100vw, 500px\" \/><\/a><p id=\"caption-attachment-48098\" class=\"wp-caption-text\">Centro Pestalozzi de Reabilita\u00e7\u00e3o, da Funda\u00e7\u00e3o Jos\u00e9 Silveira, \u00e9 a \u00fanica clinica da Bahia em casos de autismo.<\/p><\/div>\n<p class=\"yiv5681375033western\" style=\"margin: 0cm; margin-bottom: .0001pt; text-align: justify; background: white;\"><span style=\"font-family: 'Arial','sans-serif'; color: black;\">O Dia Mundial de Conscientiza\u00e7\u00e3o do Autismo criado pela ONU (Organiza\u00e7\u00e3o das Na\u00e7\u00f5es Unidas) \u00e9 celebrado mundialmente no dia 2 de abril, com o objetivo de alertar para a import\u00e2ncia do diagn\u00f3stico precoce e das terapias adequadas. Esses s\u00e3o os servi\u00e7os disponibilizados pela Funda\u00e7\u00e3o Jos\u00e9 Silveira (FJS) para a popula\u00e7\u00e3o no Centro Pestalozzi de Reabilita\u00e7\u00e3o, na Ribeira, Salvador, onde funciona a Cl\u00ednica de Estudo e Tratamento para o Autismo, \u00fanica do g\u00eanero na Bahia especializada na aten\u00e7\u00e3o \u00e0 sa\u00fade e em a\u00e7\u00f5es complementares de sa\u00fade. Para comemorar a data, a institui\u00e7\u00e3o realizar\u00e1, na pr\u00f3xima<span class=\"apple-converted-space\">\u00a0<span id=\"yiv5681375033OBJ_PREFIX_DWT614_com_zimbra_date\"><\/span><span class=\"yiv5681375033object\"><span id=\"yiv5681375033OBJ_PREFIX_DWT827_com_zimbra_date\"><span id=\"yiv5681375033OBJ_PREFIX_DWT1600_com_zimbra_date\">quinta<\/span><\/span><\/span><\/span>-feira, uma programa\u00e7\u00e3o especial, com a participa\u00e7\u00e3o de pais, cuidadores, alunos, pacientes e profissionais da unidade.<\/span><\/p>\n<p class=\"yiv5681375033western\" style=\"margin: 0cm 0cm 0.0001pt; background: white;\"><img decoding=\"async\" class=\" aligncenter\" src=\"http:\/\/img.blogdoanderson.com\/publicidade\/cristo-redentor-02-15.jpg\" alt=\"\" \/><!--more--><\/p>\n<p class=\"yiv5681375033western\" style=\"margin: 0cm; margin-bottom: .0001pt; text-align: justify; background: white;\"><span style=\"color: black;\">\u00a0<\/span><\/p>\n<p id=\"yui_3_16_0_1_1427935315260_26697\" class=\"yiv5681375033western\" style=\"margin: 0cm; margin-bottom: .0001pt; text-align: start; background: white; orphans: auto; widows: 1; -webkit-text-stroke-width: 0px; word-spacing: 0px;\"><span id=\"yui_3_16_0_1_1427935315260_26696\"><span style=\"font-family: 'Arial','sans-serif'; color: black;\">A primeira atividade \u00e9 a Caminhada Azul, cor em alus\u00e3o ao Dia Mundial do Autismo, das 8h \u00e0s 9h, no quarteir\u00e3o onde fica o Pestalozzi. Em seguida, as crian\u00e7as com autismo em tratamento far\u00e3o demonstra\u00e7\u00f5es de capoeira e basquete. Para conhecer o universo autista, pais e cuidadores v\u00e3o vivenciar experi\u00eancias em cinco salas sensoriais que buscam reproduzir as sensa\u00e7\u00f5es vividas pelo autista no seu dia a dia, tais como altera\u00e7\u00e3o da sensibilidade t\u00e1til, hiperatividade e rejei\u00e7\u00e3o ao toque, entre outras. Ao final da manh\u00e3, das 11 ao meio-dia, haver\u00e1 uma palestra sobre o autismo, momentos de debate e aprofundamento e distribui\u00e7\u00e3o da cartilha produzida pelo Centro Pestalozzi de Reabilita\u00e7\u00e3o, com informa\u00e7\u00f5es sobre o transtorno.<\/span><\/span><\/p>\n<p class=\"yiv5681375033western\" style=\"margin: 0cm; margin-bottom: .0001pt; text-align: justify; background: white;\"><span style=\"color: black;\">\u00a0<\/span><\/p>\n<p id=\"yui_3_16_0_1_1427935315260_26700\" class=\"yiv5681375033western\" style=\"margin: 0cm; margin-bottom: .0001pt; text-align: start; background: white; orphans: auto; widows: 1; -webkit-text-stroke-width: 0px; word-spacing: 0px;\"><span id=\"yui_3_16_0_1_1427935315260_26703\"><span id=\"yui_3_16_0_1_1427935315260_26702\"><span style=\"font-family: 'Arial','sans-serif'; color: black;\">No Brasil existem cerca de dois milh\u00f5es de pessoas com autismo, metade sem diagn\u00f3stico, segundo estimativas dos \u00f3rg\u00e3os de sa\u00fade.<span class=\"apple-converted-space\">\u00a0<\/span><\/span><\/span><span id=\"yui_3_16_0_1_1427935315260_26699\">O autismo faz parte de um grupo de desordens do c\u00e9rebro chamado de transtorno invasivo do desenvolvimento (TID). C<\/span><span id=\"yui_3_16_0_1_1427935315260_26734\"><span id=\"yui_3_16_0_1_1427935315260_26733\">ompromete a comunica\u00e7\u00e3o, a socializa\u00e7\u00e3o e o comportamento do indiv\u00edduo. Quando mais cedo o transtorno \u00e9 diagnosticado e tratado, maiores s\u00e3o as possibilidades de assegurar<span class=\"apple-converted-space\">\u00a0<\/span><\/span><\/span><span id=\"yui_3_16_0_1_1427935315260_26718\">\u00e0s pessoas com autismo mais qualidade de vida.<\/span><\/span><\/p>\n<p class=\"yiv5681375033western\" style=\"margin: 0cm; margin-bottom: .0001pt; text-align: justify; background: white;\"><span style=\"color: black;\">\u00a0<\/span><\/p>\n<p id=\"yui_3_16_0_1_1427935315260_26721\" class=\"yiv5681375033western\" style=\"margin: 0cm; margin-bottom: .0001pt; text-align: start; background: white; orphans: auto; widows: 1; -webkit-text-stroke-width: 0px; word-spacing: 0px;\"><span id=\"yui_3_16_0_1_1427935315260_26720\"><span style=\"font-family: 'Arial','sans-serif'; color: black;\">O Centro Pestalozzi de Reabilita\u00e7\u00e3o oferece atendimento multidisciplinar, permitindo que o paciente realize em um \u00fanico local todas as terapias necess\u00e1rias para o seu desenvolvimento. O atendimento especializado \u00e9 oferecido gratuitamente<\/span><\/span><span style=\"font-family: 'Arial','sans-serif'; color: blue;\">.<\/span><span id=\"yui_3_16_0_1_1427935315260_26731\"><span class=\"apple-converted-space\"><span style=\"font-family: 'Arial','sans-serif'; color: black;\">\u00a0<\/span><\/span><span style=\"font-family: 'Arial','sans-serif'; color: black;\">A unidade<span class=\"apple-converted-space\">\u00a0<\/span><\/span>tamb\u00e9m disponibiliza tratamento para pacientes com S\u00edndrome de Down e outras defici\u00eancias intelectuais.<\/span><\/p>\n","protected":false},"excerpt":{"rendered":"<p>O Dia Mundial de Conscientiza\u00e7\u00e3o do Autismo criado pela ONU (Organiza\u00e7\u00e3o das Na\u00e7\u00f5es Unidas) \u00e9 celebrado mundialmente no dia 2 de abril, com o objetivo de alertar para a import\u00e2ncia do diagn\u00f3stico precoce e das terapias adequadas. Esses s\u00e3o os servi\u00e7os disponibilizados pela Funda\u00e7\u00e3o Jos\u00e9 Silveira (FJS) para a popula\u00e7\u00e3o no Centro Pestalozzi de Reabilita\u00e7\u00e3o, [&hellip;]<\/p>\n","protected":false},"author":2,"featured_media":0,"comment_status":"open","ping_status":"open","sticky":false,"template":"","format":"standard","meta":{"footnotes":"","_links_to":"","_links_to_target":""},"categories":[1],"tags":[],"class_list":["post-48097","post","type-post","status-publish","format-standard","hentry","category-geral"],"views":1680,"_links":{"self":[{"href":"https:\/\/www.sudoestehoje.com.br\/novoportal\/wp-json\/wp\/v2\/posts\/48097","targetHints":{"allow":["GET"]}}],"collection":[{"href":"https:\/\/www.sudoestehoje.com.br\/novoportal\/wp-json\/wp\/v2\/posts"}],"about":[{"href":"https:\/\/www.sudoestehoje.com.br\/novoportal\/wp-json\/wp\/v2\/types\/post"}],"author":[{"embeddable":true,"href":"https:\/\/www.sudoestehoje.com.br\/novoportal\/wp-json\/wp\/v2\/users\/2"}],"replies":[{"embeddable":true,"href":"https:\/\/www.sudoestehoje.com.br\/novoportal\/wp-json\/wp\/v2\/comments?post=48097"}],"version-history":[{"count":5,"href":"https:\/\/www.sudoestehoje.com.br\/novoportal\/wp-json\/wp\/v2\/posts\/48097\/revisions"}],"predecessor-version":[{"id":48111,"href":"https:\/\/www.sudoestehoje.com.br\/novoportal\/wp-json\/wp\/v2\/posts\/48097\/revisions\/48111"}],"wp:attachment":[{"href":"https:\/\/www.sudoestehoje.com.br\/novoportal\/wp-json\/wp\/v2\/media?parent=48097"}],"wp:term":[{"taxonomy":"category","embeddable":true,"href":"https:\/\/www.sudoestehoje.com.br\/novoportal\/wp-json\/wp\/v2\/categories?post=48097"},{"taxonomy":"post_tag","embeddable":true,"href":"https:\/\/www.sudoestehoje.com.br\/novoportal\/wp-json\/wp\/v2\/tags?post=48097"}],"curies":[{"name":"wp","href":"https:\/\/api.w.org\/{rel}","templated":true}]}}