
{"id":48089,"date":"2015-04-01T21:51:12","date_gmt":"2015-04-02T00:51:12","guid":{"rendered":"http:\/\/www.sudoestehoje.com.br\/novoportal\/?p=48089"},"modified":"2015-04-01T22:04:32","modified_gmt":"2015-04-02T01:04:32","slug":"oposicao-vai-a-justica-contra-cobranca-de-vistoria-pelo-detran","status":"publish","type":"post","link":"https:\/\/www.sudoestehoje.com.br\/novoportal\/2015\/04\/01\/oposicao-vai-a-justica-contra-cobranca-de-vistoria-pelo-detran\/","title":{"rendered":"OPOSI\u00c7\u00c3O VAI \u00c0 JUSTI\u00c7A CONTRA COBRAN\u00c7A DE VISTORIA PELO DETRAN"},"content":{"rendered":"<div><\/div>\n<div id=\"yui_3_16_0_1_1427935315260_3557\">\n<div><a href=\"http:\/\/www.sudoestehoje.com.br\/novoportal\/wp-content\/uploads\/2015\/04\/IMG-20150401-WA0067.jpg\"><img loading=\"lazy\" decoding=\"async\" class=\"aligncenter size-medium wp-image-48090\" src=\"http:\/\/www.sudoestehoje.com.br\/novoportal\/wp-content\/uploads\/2015\/04\/IMG-20150401-WA0067-500x431.jpg\" alt=\"IMG-20150401-WA0067\" width=\"500\" height=\"431\" srcset=\"https:\/\/www.sudoestehoje.com.br\/novoportal\/wp-content\/uploads\/2015\/04\/IMG-20150401-WA0067-500x431.jpg 500w, https:\/\/www.sudoestehoje.com.br\/novoportal\/wp-content\/uploads\/2015\/04\/IMG-20150401-WA0067-700x604.jpg 700w, https:\/\/www.sudoestehoje.com.br\/novoportal\/wp-content\/uploads\/2015\/04\/IMG-20150401-WA0067-150x129.jpg 150w, https:\/\/www.sudoestehoje.com.br\/novoportal\/wp-content\/uploads\/2015\/04\/IMG-20150401-WA0067.jpg 1280w\" sizes=\"auto, (max-width: 500px) 100vw, 500px\" \/><\/a><\/div>\n<div>O deputado estadual Herzem Gusm\u00e3o (PMDB) afirmou hoje (01) que a cobran\u00e7a da vistoria veicular pelo Detran \u00e9 inconstitucional. Em reuni\u00e3o com o l\u00edder da bancada de oposi\u00e7\u00e3o, deputado Sandro R\u00e9gis (DEM), o peemedebista mostrou um decreto legislativo, de autoria dos parlamentares do PT na Assembleia Legislativa de Mato Grosso do Sul, que impediu a cobran\u00e7a naquele estado.<\/div>\n<div id=\"yui_3_16_0_1_1427935315260_3565\">\n<p>\u201cN\u00e3o podem haver dois entendimentos sobre essa mat\u00e9ria. Quem pode legislar sobre isso \u00e9 a Uni\u00e3o. O PT no Mato Grosso do Sul entendeu dessa forma. O PT da Bahia quer ir contra a Constitui\u00e7\u00e3o? Espero que o governo volte atr\u00e1s nessa cobran\u00e7a\u201d, salientou Herzem Gusm\u00e3o.<\/p>\n<p>O deputado afirmou que a bancada de oposi\u00e7\u00e3o na Assembleia da Bahia vai ingressar na Justi\u00e7a contra a cobran\u00e7a, alegando a inconstitucionalidade. \u201cAgora querem elevar em quase 130% o valor da taxa, que n\u00e3o \u00e9 legal. Vamos lutar na Justi\u00e7a para impedir que o cidad\u00e3o seja lesado dessa maneira\u201d<\/p>\n<p><a href=\"http:\/\/www.sudoestehoje.com.br\/novoportal\/wp-content\/uploads\/2015\/04\/BANNER-WEB-CEOQ-E-\u00d3TICAS-SOL-960x160-01.jpg\"><img loading=\"lazy\" decoding=\"async\" class=\"aligncenter  wp-image-48095\" src=\"http:\/\/www.sudoestehoje.com.br\/novoportal\/wp-content\/uploads\/2015\/04\/BANNER-WEB-CEOQ-E-\u00d3TICAS-SOL-960x160-01-500x84.jpg\" alt=\"BANNER WEB - CEOQ E \u00d3TICAS SOL 960x160-01\" width=\"530\" height=\"89\" srcset=\"https:\/\/www.sudoestehoje.com.br\/novoportal\/wp-content\/uploads\/2015\/04\/BANNER-WEB-CEOQ-E-\u00d3TICAS-SOL-960x160-01-500x84.jpg 500w, https:\/\/www.sudoestehoje.com.br\/novoportal\/wp-content\/uploads\/2015\/04\/BANNER-WEB-CEOQ-E-\u00d3TICAS-SOL-960x160-01-700x117.jpg 700w, https:\/\/www.sudoestehoje.com.br\/novoportal\/wp-content\/uploads\/2015\/04\/BANNER-WEB-CEOQ-E-\u00d3TICAS-SOL-960x160-01-150x25.jpg 150w, https:\/\/www.sudoestehoje.com.br\/novoportal\/wp-content\/uploads\/2015\/04\/BANNER-WEB-CEOQ-E-\u00d3TICAS-SOL-960x160-01.jpg 961w\" sizes=\"auto, (max-width: 530px) 100vw, 530px\" \/><\/a><\/p>\n<\/div>\n<\/div>\n","protected":false},"excerpt":{"rendered":"<p>O deputado estadual Herzem Gusm\u00e3o (PMDB) afirmou hoje (01) que a cobran\u00e7a da vistoria veicular pelo Detran \u00e9 inconstitucional. Em reuni\u00e3o com o l\u00edder da bancada de oposi\u00e7\u00e3o, deputado Sandro R\u00e9gis (DEM), o peemedebista mostrou um decreto legislativo, de autoria dos parlamentares do PT na Assembleia Legislativa de Mato Grosso do Sul, que impediu a [&hellip;]<\/p>\n","protected":false},"author":2,"featured_media":0,"comment_status":"open","ping_status":"open","sticky":false,"template":"","format":"standard","meta":{"footnotes":"","_links_to":"","_links_to_target":""},"categories":[1],"tags":[],"class_list":["post-48089","post","type-post","status-publish","format-standard","hentry","category-geral"],"views":1032,"_links":{"self":[{"href":"https:\/\/www.sudoestehoje.com.br\/novoportal\/wp-json\/wp\/v2\/posts\/48089","targetHints":{"allow":["GET"]}}],"collection":[{"href":"https:\/\/www.sudoestehoje.com.br\/novoportal\/wp-json\/wp\/v2\/posts"}],"about":[{"href":"https:\/\/www.sudoestehoje.com.br\/novoportal\/wp-json\/wp\/v2\/types\/post"}],"author":[{"embeddable":true,"href":"https:\/\/www.sudoestehoje.com.br\/novoportal\/wp-json\/wp\/v2\/users\/2"}],"replies":[{"embeddable":true,"href":"https:\/\/www.sudoestehoje.com.br\/novoportal\/wp-json\/wp\/v2\/comments?post=48089"}],"version-history":[{"count":5,"href":"https:\/\/www.sudoestehoje.com.br\/novoportal\/wp-json\/wp\/v2\/posts\/48089\/revisions"}],"predecessor-version":[{"id":48096,"href":"https:\/\/www.sudoestehoje.com.br\/novoportal\/wp-json\/wp\/v2\/posts\/48089\/revisions\/48096"}],"wp:attachment":[{"href":"https:\/\/www.sudoestehoje.com.br\/novoportal\/wp-json\/wp\/v2\/media?parent=48089"}],"wp:term":[{"taxonomy":"category","embeddable":true,"href":"https:\/\/www.sudoestehoje.com.br\/novoportal\/wp-json\/wp\/v2\/categories?post=48089"},{"taxonomy":"post_tag","embeddable":true,"href":"https:\/\/www.sudoestehoje.com.br\/novoportal\/wp-json\/wp\/v2\/tags?post=48089"}],"curies":[{"name":"wp","href":"https:\/\/api.w.org\/{rel}","templated":true}]}}