
{"id":48073,"date":"2015-03-31T23:54:20","date_gmt":"2015-04-01T02:54:20","guid":{"rendered":"http:\/\/www.sudoestehoje.com.br\/novoportal\/?p=48073"},"modified":"2015-04-02T22:32:03","modified_gmt":"2015-04-03T01:32:03","slug":"em-audiencia-publica-vereadores-discutem-atual-momento-politico","status":"publish","type":"post","link":"https:\/\/www.sudoestehoje.com.br\/novoportal\/2015\/03\/31\/em-audiencia-publica-vereadores-discutem-atual-momento-politico\/","title":{"rendered":"EM AUDI\u00caNCIA P\u00daBLICA, VEREADORES DISCUTEM ATUAL MOMENTO POL\u00cdTICO"},"content":{"rendered":"<p><img loading=\"lazy\" decoding=\"async\" class=\" aligncenter\" src=\"https:\/\/lh6.googleusercontent.com\/-G7cYsT-_V3I\/VRqFd16ayzI\/AAAAAAABLpY\/RvsonjNTXQM\/w737-h553-no\/DSC00575.JPG\" alt=\"\" width=\"450\" height=\"338\" \/><\/p>\n<p>&nbsp;<\/p>\n<p>Foi realizada na tarde desta segunda \u2013 feira, 30 de mar\u00e7o, na C\u00e2mara de Vereadores de Itapetinga uma Audi\u00eancia P\u00fablica com o tema: \u201c O atual Momento\u00a0Pol\u00edtico\u201d. \u00a0O projeto foi promovido pela UVMS \u2013 Uni\u00e3o dos Vereadores do M\u00e9dio Sudoeste e organizado vereadores Marcos Gabrielle(PT), Jo\u00e3o de Deus(PMDB), Naara Duarte(DEM), Fabiano Bahia(DEM), Amaral Jr.(PRP), Eliomar Barreira(PRP), Renan Co\u00ealho(PC do B) e coordenado pelo Vereador Alfredo Cabral de Assis(PSD).<\/p>\n<p><img loading=\"lazy\" decoding=\"async\" class=\" aligncenter\" src=\"https:\/\/lh6.googleusercontent.com\/-_Y1DCuFh688\/VRqPhdFmYcI\/AAAAAAABLvI\/4JswBPmRpXc\/w737-h553-no\/DSC00620.JPG\" alt=\"\" width=\"451\" height=\"339\" \/><\/p>\n<p>O evento contou com presen\u00e7as de v\u00e1rias representa\u00e7\u00f5es da comunidade e autoridades. A audi\u00eancia foi presidida pelo vereador Alfredo Cabral de Assis(PSD). V\u00e1rios convidados participaram do debate, o ex-vereador Zildo Carvalho, representando a Loja Ma\u00e7\u00f4nica de Itapetinga, Dr. Juraci Nunes, Ouvidor do Munic\u00edpio, representando o prefeito em exerc\u00edcio Al\u00e9cio Chaves, Dr. Diran Oliveira Filho representando o deputado estadual Sandro R\u00e9gis(DEM),\u00a0 Dr. Alexandre Xand\u00f3 a deputada estadual Angela Souza(PSD), o vereador Valdeinei Vilarin da UVMS e K\u00e1tia Espinheira, representando o deputado federal Antonio Brito(PTB).<\/p>\n<p><img loading=\"lazy\" decoding=\"async\" class=\" aligncenter\" src=\"https:\/\/lh6.googleusercontent.com\/-GfcgFrsjFhE\/VRqES03vtUI\/AAAAAAABLo0\/sNY6xAmlh1w\/w737-h553-no\/DSC00570.JPG\" alt=\"\" width=\"450\" height=\"338\" \/><\/p>\n<p>Com o intuito de discutir sobre o atual momento pol\u00edtico, a audi\u00eancia abordou v\u00e1rios temas como Reforma Pol\u00edtica, Reforma Tribut\u00e1ria, Imposto sobre Grandes Fortunas, Transfer\u00eancia de Recursos para C\u00e2mara de pequenos Munic\u00edpios, Seguran\u00e7a P\u00fablica, Gera\u00e7\u00e3o de Emprego e Renda e Infraestrutura.<!--more--><\/p>\n<p><img loading=\"lazy\" decoding=\"async\" class=\" aligncenter\" src=\"https:\/\/lh6.googleusercontent.com\/-Pi8jIshnX4I\/VRqLEqaD7KI\/AAAAAAABLs4\/ftc8jY7at30\/w737-h553-no\/DSC00602.JPG\" alt=\"\" width=\"449\" height=\"337\" \/><\/p>\n<p>Foi realizada na tarde desta segunda \u2013 feira, 30 de mar\u00e7o, na C\u00e2mara de Vereadores de Itapetinga uma Audi\u00eancia P\u00fablica com o tema: \u201c O atual <a href=\"http:\/\/www.itapetinganews.com\/site\/?sessao=noticia_ver&amp;id=8417#\" rel=\"nofollow\">Momento<\/a>Pol\u00edtico\u201d. \u00a0O projeto foi promovido pela UVMS \u2013 Uni\u00e3o dos Vereadores do M\u00e9dio Sudoeste e organizado vereadores Marcos Gabrielle(PT), Jo\u00e3o de Deus(PMDB), Naara Duarte(DEM), Fabiano Bahia(DEM), Amaral Jr.(PRP), Eliomar Barreira(PRP), Renan Co\u00ealho(PC do B) e coordenado pelo Vereador Alfredo Cabral de Assis(PSD).<\/p>\n<p><img loading=\"lazy\" decoding=\"async\" class=\" aligncenter\" src=\"https:\/\/lh6.googleusercontent.com\/-bl5_Dz-2SaQ\/VRqIDNyvYRI\/AAAAAAABLrM\/HWlaPvCNvew\/w737-h553-no\/DSC00589.JPG\" alt=\"\" width=\"450\" height=\"338\" \/><\/p>\n<p>O evento contou com presen\u00e7as de v\u00e1rias representa\u00e7\u00f5es da comunidade e autoridades. A audi\u00eancia foi presidida pelo vereador Alfredo Cabral de Assis(PSD). V\u00e1rios convidados <a href=\"http:\/\/www.itapetinganews.com\/site\/?sessao=noticia_ver&amp;id=8417#\" rel=\"nofollow\">participaram<\/a> do debate, o ex-vereador Zildo Carvalho, representando a Loja Ma\u00e7\u00f4nica de Itapetinga, Dr. Juraci Nunes, Ouvidor do Munic\u00edpio, representando o prefeito em exerc\u00edcio Al\u00e9cio Chaves, Dr. Diran Oliveira Filho representando o deputado estadual Sandro R\u00e9gis(DEM),\u00a0 Dr. Alexandre Xand\u00f3 a deputada estadual Angela Souza(PSD), o vereador Valdeinei Vilarin da UVMS e K\u00e1tia Espinheira, representando o deputado federal Antonio Brito(PTB).<\/p>\n<p>Com o intuito de discutir sobre o atual momento pol\u00edtico, a audi\u00eancia abordou v\u00e1rios temas como Reforma Pol\u00edtica, Reforma Tribut\u00e1ria, Imposto sobre Grandes Fortunas, Transfer\u00eancia de Recursos para C\u00e2mara de pequenos Munic\u00edpios, Seguran\u00e7a P\u00fablica, Gera\u00e7\u00e3o de Emprego e Renda e Infraestrutura.<\/p>\n<p>Itapetinga News<\/p>\n<p>&nbsp;<\/p>\n","protected":false},"excerpt":{"rendered":"<p>&nbsp; Foi realizada na tarde desta segunda \u2013 feira, 30 de mar\u00e7o, na C\u00e2mara de Vereadores de Itapetinga uma Audi\u00eancia P\u00fablica com o tema: \u201c O atual Momento\u00a0Pol\u00edtico\u201d. \u00a0O projeto foi promovido pela UVMS \u2013 Uni\u00e3o dos Vereadores do M\u00e9dio Sudoeste e organizado vereadores Marcos Gabrielle(PT), Jo\u00e3o de Deus(PMDB), Naara Duarte(DEM), Fabiano Bahia(DEM), Amaral Jr.(PRP), [&hellip;]<\/p>\n","protected":false},"author":2,"featured_media":0,"comment_status":"open","ping_status":"open","sticky":false,"template":"","format":"standard","meta":{"footnotes":"","_links_to":"","_links_to_target":""},"categories":[1],"tags":[],"class_list":["post-48073","post","type-post","status-publish","format-standard","hentry","category-geral"],"views":1790,"_links":{"self":[{"href":"https:\/\/www.sudoestehoje.com.br\/novoportal\/wp-json\/wp\/v2\/posts\/48073","targetHints":{"allow":["GET"]}}],"collection":[{"href":"https:\/\/www.sudoestehoje.com.br\/novoportal\/wp-json\/wp\/v2\/posts"}],"about":[{"href":"https:\/\/www.sudoestehoje.com.br\/novoportal\/wp-json\/wp\/v2\/types\/post"}],"author":[{"embeddable":true,"href":"https:\/\/www.sudoestehoje.com.br\/novoportal\/wp-json\/wp\/v2\/users\/2"}],"replies":[{"embeddable":true,"href":"https:\/\/www.sudoestehoje.com.br\/novoportal\/wp-json\/wp\/v2\/comments?post=48073"}],"version-history":[{"count":5,"href":"https:\/\/www.sudoestehoje.com.br\/novoportal\/wp-json\/wp\/v2\/posts\/48073\/revisions"}],"predecessor-version":[{"id":48078,"href":"https:\/\/www.sudoestehoje.com.br\/novoportal\/wp-json\/wp\/v2\/posts\/48073\/revisions\/48078"}],"wp:attachment":[{"href":"https:\/\/www.sudoestehoje.com.br\/novoportal\/wp-json\/wp\/v2\/media?parent=48073"}],"wp:term":[{"taxonomy":"category","embeddable":true,"href":"https:\/\/www.sudoestehoje.com.br\/novoportal\/wp-json\/wp\/v2\/categories?post=48073"},{"taxonomy":"post_tag","embeddable":true,"href":"https:\/\/www.sudoestehoje.com.br\/novoportal\/wp-json\/wp\/v2\/tags?post=48073"}],"curies":[{"name":"wp","href":"https:\/\/api.w.org\/{rel}","templated":true}]}}