
{"id":48055,"date":"2015-03-31T21:26:22","date_gmt":"2015-04-01T00:26:22","guid":{"rendered":"http:\/\/www.sudoestehoje.com.br\/novoportal\/?p=48055"},"modified":"2015-04-02T00:05:28","modified_gmt":"2015-04-02T03:05:28","slug":"apos-denuncia-do-blog-governo-diz-que-vai-recuperar-rodovias-da-regiao","status":"publish","type":"post","link":"https:\/\/www.sudoestehoje.com.br\/novoportal\/2015\/03\/31\/apos-denuncia-do-blog-governo-diz-que-vai-recuperar-rodovias-da-regiao\/","title":{"rendered":"AP\u00d3S DEN\u00daNCIA DO BLOG, GOVERNO DIZ QUE VAI RECUPERAR RODOVIAS DA REGI\u00c3O"},"content":{"rendered":"<div id=\"attachment_48058\" style=\"width: 509px\" class=\"wp-caption aligncenter\"><a href=\"http:\/\/www.sudoestehoje.com.br\/novoportal\/wp-content\/uploads\/2015\/03\/ESTRADA-MA1.jpg\"><img loading=\"lazy\" decoding=\"async\" aria-describedby=\"caption-attachment-48058\" class=\" wp-image-48058\" src=\"http:\/\/www.sudoestehoje.com.br\/novoportal\/wp-content\/uploads\/2015\/03\/ESTRADA-MA1.jpg\" alt=\"Foto Sudoeste Hoje\" width=\"499\" height=\"367\" srcset=\"https:\/\/www.sudoestehoje.com.br\/novoportal\/wp-content\/uploads\/2015\/03\/ESTRADA-MA1.jpg 380w, https:\/\/www.sudoestehoje.com.br\/novoportal\/wp-content\/uploads\/2015\/03\/ESTRADA-MA1-150x111.jpg 150w\" sizes=\"auto, (max-width: 499px) 100vw, 499px\" \/><\/a><p id=\"caption-attachment-48058\" class=\"wp-caption-text\">O Sudoeste Hoje denunciou a precariedade da rodovia Itapetinga &#8211; Macarani, cuja manuten\u00e7\u00e3o vinha sendo realizada pelo Derba, at\u00e9 a sua extin\u00e7\u00e3o. Foto Sudoeste Hoje<\/p><\/div>\n<p>Depois das den\u00fancias do Sudoeste Hoje, o governo do estado acabou reconhecendo que mais duas rodovias baianas t\u00eam sofrido com problemas de infraestrutura. S\u00e3o os casos da BA 130, que liga Maracani a Itapetinga, e da BA 270, entre Itarantim e Maiquinique, ambas as vias situadas no sudoeste baiano.<\/p>\n<p>A reforma daBA 270 deve ocorrer no segundo semestre.\u00a0No momento, t\u00e9cnicos da Superintend\u00eancia de Infraestrutura e Transportes da Bahia (SIT) &#8220;est\u00e3o realizando estudo de viabilidade t\u00e9cnica&#8221;\u00a0na rodovia.<\/p>\n<p>No caso da BA que liga Macarani a Itapetinga, a pasta afirmou que os trabalhos de reforma devem ser realizado j\u00e1 em abril. A demora tem a ver com a transfer\u00eancia dos contratos, anteriormente tocados pelo Derba (extinto), que agora ser\u00e3o administrados pela SIT. Informa\u00e7\u00f5es do Bahia Not\u00edcias<\/p>\n<p>Confira den\u00fancia do Sudoeste Hoje, postada em 17 de mar\u00e7o \u00faltimo:<\/p>\n<p><a title=\"estrada macarani\" href=\"http:\/\/www.sudoestehoje.com.br\/novoportal\/2015\/03\/17\/estrada-de-macarani-esta-acabando\/\">MAT\u00c9RIA: ESTRADA DE MACARANI EST\u00c1 ACABANDO<\/a><\/p>\n<p><strong><em>Por Davi Ferraz<\/em><\/strong><\/p>\n<p><img decoding=\"async\" class=\"aligncenter\" src=\"http:\/\/www.sudoestehoje.com.br\/novoportal\/wp-content\/uploads\/2015\/02\/NOVO-BANNER-COOLEITE-500x250.jpg\" alt=\"NOVO BANNER COOLEITE\" \/><\/p>\n","protected":false},"excerpt":{"rendered":"<p>Depois das den\u00fancias do Sudoeste Hoje, o governo do estado acabou reconhecendo que mais duas rodovias baianas t\u00eam sofrido com problemas de infraestrutura. S\u00e3o os casos da BA 130, que liga Maracani a Itapetinga, e da BA 270, entre Itarantim e Maiquinique, ambas as vias situadas no sudoeste baiano. A reforma daBA 270 deve ocorrer [&hellip;]<\/p>\n","protected":false},"author":2,"featured_media":0,"comment_status":"open","ping_status":"open","sticky":false,"template":"","format":"standard","meta":{"footnotes":"","_links_to":"","_links_to_target":""},"categories":[1],"tags":[],"class_list":["post-48055","post","type-post","status-publish","format-standard","hentry","category-geral"],"views":2003,"_links":{"self":[{"href":"https:\/\/www.sudoestehoje.com.br\/novoportal\/wp-json\/wp\/v2\/posts\/48055","targetHints":{"allow":["GET"]}}],"collection":[{"href":"https:\/\/www.sudoestehoje.com.br\/novoportal\/wp-json\/wp\/v2\/posts"}],"about":[{"href":"https:\/\/www.sudoestehoje.com.br\/novoportal\/wp-json\/wp\/v2\/types\/post"}],"author":[{"embeddable":true,"href":"https:\/\/www.sudoestehoje.com.br\/novoportal\/wp-json\/wp\/v2\/users\/2"}],"replies":[{"embeddable":true,"href":"https:\/\/www.sudoestehoje.com.br\/novoportal\/wp-json\/wp\/v2\/comments?post=48055"}],"version-history":[{"count":11,"href":"https:\/\/www.sudoestehoje.com.br\/novoportal\/wp-json\/wp\/v2\/posts\/48055\/revisions"}],"predecessor-version":[{"id":48114,"href":"https:\/\/www.sudoestehoje.com.br\/novoportal\/wp-json\/wp\/v2\/posts\/48055\/revisions\/48114"}],"wp:attachment":[{"href":"https:\/\/www.sudoestehoje.com.br\/novoportal\/wp-json\/wp\/v2\/media?parent=48055"}],"wp:term":[{"taxonomy":"category","embeddable":true,"href":"https:\/\/www.sudoestehoje.com.br\/novoportal\/wp-json\/wp\/v2\/categories?post=48055"},{"taxonomy":"post_tag","embeddable":true,"href":"https:\/\/www.sudoestehoje.com.br\/novoportal\/wp-json\/wp\/v2\/tags?post=48055"}],"curies":[{"name":"wp","href":"https:\/\/api.w.org\/{rel}","templated":true}]}}