
{"id":48052,"date":"2015-03-31T17:51:03","date_gmt":"2015-03-31T20:51:03","guid":{"rendered":"http:\/\/www.sudoestehoje.com.br\/novoportal\/?p=48052"},"modified":"2015-04-02T00:07:36","modified_gmt":"2015-04-02T03:07:36","slug":"juiz-retira-restricoes-contra-o-deputado-estadual-marco-prisco","status":"publish","type":"post","link":"https:\/\/www.sudoestehoje.com.br\/novoportal\/2015\/03\/31\/juiz-retira-restricoes-contra-o-deputado-estadual-marco-prisco\/","title":{"rendered":"JUIZ RETIRA RESTRI\u00c7\u00d5ES CONTRA O DEPUTADO ESTADUAL MARCO PRISCO"},"content":{"rendered":"<p><a href=\"http:\/\/www.sudoestehoje.com.br\/novoportal\/wp-content\/uploads\/2015\/03\/CHOROU.jpg\"><img loading=\"lazy\" decoding=\"async\" class=\"aligncenter  wp-image-48053\" src=\"http:\/\/www.sudoestehoje.com.br\/novoportal\/wp-content\/uploads\/2015\/03\/CHOROU.jpg\" alt=\"CHOROU\" width=\"451\" height=\"332\" srcset=\"https:\/\/www.sudoestehoje.com.br\/novoportal\/wp-content\/uploads\/2015\/03\/CHOROU.jpg 380w, https:\/\/www.sudoestehoje.com.br\/novoportal\/wp-content\/uploads\/2015\/03\/CHOROU-150x111.jpg 150w\" sizes=\"auto, (max-width: 451px) 100vw, 451px\" \/><\/a><\/p>\n<p>O deputado estadual Marco Prisco (PSDB) teve a restri\u00e7\u00e3o judicial derrubada. Emocionado, o parlamentar leu no plen\u00e1rio da Assembleia Legislativa da Bahia (AL-BA) a decis\u00e3o do ministro do Supremo Tribunal Federal (STF), Luis Roberto Barroso, que acatou o pedido da defesa de Prisco.<\/p>\n<p>\u201cNada vai conseguir calar a minha voz, essa luta por justi\u00e7a e liberdade como membro da minha associa\u00e7\u00e3o\u201d, disse o deputado em l\u00e1grimas se referindo \u00e0 Aspra (Associa\u00e7\u00e3o de Policiais e Bombeiros e de seus Familiares do Estado da Bahia).<\/p>\n<p>As restri\u00e7\u00f5es foram decretadas em 2014, por causa de supostas pr\u00e1ticas criminosas do ex-policial na greve de policiais militares em 2012. Entre as medidas estavam a proibi\u00e7\u00e3o de deixar a capital baiana, n\u00e3o sair de casa nos finais de semana, feriados e ap\u00f3s as 20h, al\u00e9m de ingressar em quart\u00e9is e estabelecimentos militares.<\/p>\n<p><img decoding=\"async\" class=\"aligncenter\" src=\"http:\/\/www.sudoestehoje.com.br\/novoportal\/wp-content\/uploads\/2014\/09\/supermoda.png\" alt=\"supermoda\" \/><\/p>\n","protected":false},"excerpt":{"rendered":"<p>O deputado estadual Marco Prisco (PSDB) teve a restri\u00e7\u00e3o judicial derrubada. Emocionado, o parlamentar leu no plen\u00e1rio da Assembleia Legislativa da Bahia (AL-BA) a decis\u00e3o do ministro do Supremo Tribunal Federal (STF), Luis Roberto Barroso, que acatou o pedido da defesa de Prisco. \u201cNada vai conseguir calar a minha voz, essa luta por justi\u00e7a e [&hellip;]<\/p>\n","protected":false},"author":2,"featured_media":0,"comment_status":"open","ping_status":"open","sticky":false,"template":"","format":"standard","meta":{"footnotes":"","_links_to":"","_links_to_target":""},"categories":[1],"tags":[],"class_list":["post-48052","post","type-post","status-publish","format-standard","hentry","category-geral"],"views":1606,"_links":{"self":[{"href":"https:\/\/www.sudoestehoje.com.br\/novoportal\/wp-json\/wp\/v2\/posts\/48052","targetHints":{"allow":["GET"]}}],"collection":[{"href":"https:\/\/www.sudoestehoje.com.br\/novoportal\/wp-json\/wp\/v2\/posts"}],"about":[{"href":"https:\/\/www.sudoestehoje.com.br\/novoportal\/wp-json\/wp\/v2\/types\/post"}],"author":[{"embeddable":true,"href":"https:\/\/www.sudoestehoje.com.br\/novoportal\/wp-json\/wp\/v2\/users\/2"}],"replies":[{"embeddable":true,"href":"https:\/\/www.sudoestehoje.com.br\/novoportal\/wp-json\/wp\/v2\/comments?post=48052"}],"version-history":[{"count":3,"href":"https:\/\/www.sudoestehoje.com.br\/novoportal\/wp-json\/wp\/v2\/posts\/48052\/revisions"}],"predecessor-version":[{"id":48116,"href":"https:\/\/www.sudoestehoje.com.br\/novoportal\/wp-json\/wp\/v2\/posts\/48052\/revisions\/48116"}],"wp:attachment":[{"href":"https:\/\/www.sudoestehoje.com.br\/novoportal\/wp-json\/wp\/v2\/media?parent=48052"}],"wp:term":[{"taxonomy":"category","embeddable":true,"href":"https:\/\/www.sudoestehoje.com.br\/novoportal\/wp-json\/wp\/v2\/categories?post=48052"},{"taxonomy":"post_tag","embeddable":true,"href":"https:\/\/www.sudoestehoje.com.br\/novoportal\/wp-json\/wp\/v2\/tags?post=48052"}],"curies":[{"name":"wp","href":"https:\/\/api.w.org\/{rel}","templated":true}]}}