
{"id":48045,"date":"2015-03-31T16:28:25","date_gmt":"2015-03-31T19:28:25","guid":{"rendered":"http:\/\/www.sudoestehoje.com.br\/novoportal\/?p=48045"},"modified":"2015-04-01T23:59:58","modified_gmt":"2015-04-02T02:59:58","slug":"reducao-da-maioridade-penal-para-16-anos-e-aprovada-na-camara","status":"publish","type":"post","link":"https:\/\/www.sudoestehoje.com.br\/novoportal\/2015\/03\/31\/reducao-da-maioridade-penal-para-16-anos-e-aprovada-na-camara\/","title":{"rendered":"REDU\u00c7\u00c3O DA MAIORIDADE PENAL PARA 16 ANOS \u00c9 APROVADA NA C\u00c2MARA"},"content":{"rendered":"<p><a href=\"http:\/\/www.sudoestehoje.com.br\/novoportal\/wp-content\/uploads\/2015\/03\/16.jpg\"><img loading=\"lazy\" decoding=\"async\" class=\"aligncenter size-medium wp-image-48046\" src=\"http:\/\/www.sudoestehoje.com.br\/novoportal\/wp-content\/uploads\/2015\/03\/16-500x333.jpg\" alt=\"16\" width=\"500\" height=\"333\" srcset=\"https:\/\/www.sudoestehoje.com.br\/novoportal\/wp-content\/uploads\/2015\/03\/16-500x333.jpg 500w, https:\/\/www.sudoestehoje.com.br\/novoportal\/wp-content\/uploads\/2015\/03\/16-700x466.jpg 700w, https:\/\/www.sudoestehoje.com.br\/novoportal\/wp-content\/uploads\/2015\/03\/16-150x100.jpg 150w, https:\/\/www.sudoestehoje.com.br\/novoportal\/wp-content\/uploads\/2015\/03\/16.jpg 750w\" sizes=\"auto, (max-width: 500px) 100vw, 500px\" \/><\/a><\/p>\n<p>BRASILIA &#8211; A Comiss\u00e3o de Constitui\u00e7\u00e3o e Justi\u00e7a (CCJ) da C\u00e2mara dos Deputados<b>\u00a0<\/b>aprovou por 42 votos a 17 a Proposta de Emenda Constitucional (PEC) que reduz de 18 para 16 anos a maioridade penal.\u00a0PSDB, DEM, PR, PSD votaram a favor da PEC. PT, PCdoB e PSB votaram contra. O PMDB liberou a bancada.<\/p>\n<p>Ap\u00f3s a aprova\u00e7\u00e3o na CCJ, ser\u00e1 criada uma comiss\u00e3o especial que debater\u00e1 o tema por at\u00e9 40 sess\u00f5es antes que o tema seja apreciado em plen\u00e1rio.\u00a0A sess\u00e3o foi tumultuada e as bancadas de PT, PSOL, PPS, al\u00e9m da lideran\u00e7a do governo na C\u00e2mara tentaram sem sucesso tentar obstruir a sess\u00e3o.\u00a0A oposi\u00e7\u00e3o inverteu a ordem do dia para priorizar a pauta.<\/p>\n<p>Na tentativa de evitar a aprova\u00e7\u00e3o da PEC, o vice-l\u00edder do governo na C\u00e2mara, deputado Orlando Silva (PCdoB-SP), disse que o Congresso n\u00e3o pode agir &#8220;de forma passional&#8221; na discuss\u00e3o do tema.<\/p>\n<p>&#8220;O parlamento n\u00e3o pode fazer justi\u00e7a com as pr\u00f3prias m\u00e3os&#8221;. Representando a bancada do PT, Paulo Teixeira (SP) defendeu a cria\u00e7\u00e3o de uma subcomiss\u00e3o na CCJ para buscar outra alternativa de penas para menores infratores.<\/p>\n<p><img decoding=\"async\" class=\"aligncenter\" src=\"http:\/\/www.sudoestehoje.com.br\/novoportal\/wp-content\/uploads\/2014\/12\/skala-novo.jpg\" alt=\"skala novo\" \/><\/p>\n","protected":false},"excerpt":{"rendered":"<p>BRASILIA &#8211; A Comiss\u00e3o de Constitui\u00e7\u00e3o e Justi\u00e7a (CCJ) da C\u00e2mara dos Deputados\u00a0aprovou por 42 votos a 17 a Proposta de Emenda Constitucional (PEC) que reduz de 18 para 16 anos a maioridade penal.\u00a0PSDB, DEM, PR, PSD votaram a favor da PEC. PT, PCdoB e PSB votaram contra. O PMDB liberou a bancada. Ap\u00f3s a [&hellip;]<\/p>\n","protected":false},"author":2,"featured_media":0,"comment_status":"open","ping_status":"open","sticky":false,"template":"","format":"standard","meta":{"footnotes":"","_links_to":"","_links_to_target":""},"categories":[1],"tags":[],"class_list":["post-48045","post","type-post","status-publish","format-standard","hentry","category-geral"],"views":1258,"_links":{"self":[{"href":"https:\/\/www.sudoestehoje.com.br\/novoportal\/wp-json\/wp\/v2\/posts\/48045","targetHints":{"allow":["GET"]}}],"collection":[{"href":"https:\/\/www.sudoestehoje.com.br\/novoportal\/wp-json\/wp\/v2\/posts"}],"about":[{"href":"https:\/\/www.sudoestehoje.com.br\/novoportal\/wp-json\/wp\/v2\/types\/post"}],"author":[{"embeddable":true,"href":"https:\/\/www.sudoestehoje.com.br\/novoportal\/wp-json\/wp\/v2\/users\/2"}],"replies":[{"embeddable":true,"href":"https:\/\/www.sudoestehoje.com.br\/novoportal\/wp-json\/wp\/v2\/comments?post=48045"}],"version-history":[{"count":6,"href":"https:\/\/www.sudoestehoje.com.br\/novoportal\/wp-json\/wp\/v2\/posts\/48045\/revisions"}],"predecessor-version":[{"id":48109,"href":"https:\/\/www.sudoestehoje.com.br\/novoportal\/wp-json\/wp\/v2\/posts\/48045\/revisions\/48109"}],"wp:attachment":[{"href":"https:\/\/www.sudoestehoje.com.br\/novoportal\/wp-json\/wp\/v2\/media?parent=48045"}],"wp:term":[{"taxonomy":"category","embeddable":true,"href":"https:\/\/www.sudoestehoje.com.br\/novoportal\/wp-json\/wp\/v2\/categories?post=48045"},{"taxonomy":"post_tag","embeddable":true,"href":"https:\/\/www.sudoestehoje.com.br\/novoportal\/wp-json\/wp\/v2\/tags?post=48045"}],"curies":[{"name":"wp","href":"https:\/\/api.w.org\/{rel}","templated":true}]}}