
{"id":47960,"date":"2015-03-28T19:59:26","date_gmt":"2015-03-28T22:59:26","guid":{"rendered":"http:\/\/www.sudoestehoje.com.br\/novoportal\/?p=47960"},"modified":"2015-03-28T20:07:42","modified_gmt":"2015-03-28T23:07:42","slug":"ex-candidato-a-prefeito-de-jequie-e-assassinado-durante-assalto","status":"publish","type":"post","link":"https:\/\/www.sudoestehoje.com.br\/novoportal\/2015\/03\/28\/ex-candidato-a-prefeito-de-jequie-e-assassinado-durante-assalto\/","title":{"rendered":"EX-CANDIDATO A PREFEITO DE JEQUI\u00c9 \u00c9 ASSASSINADO DURANTE ASSALTO"},"content":{"rendered":"<p><a href=\"http:\/\/www.sudoestehoje.com.br\/novoportal\/wp-content\/uploads\/2015\/03\/selled\u00f4nio-210x300.jpg\"><img loading=\"lazy\" decoding=\"async\" class=\" size-full wp-image-47969 alignleft\" src=\"http:\/\/www.sudoestehoje.com.br\/novoportal\/wp-content\/uploads\/2015\/03\/selled\u00f4nio-210x300.jpg\" alt=\"selled\u00f4nio-210x300\" width=\"210\" height=\"300\" srcset=\"https:\/\/www.sudoestehoje.com.br\/novoportal\/wp-content\/uploads\/2015\/03\/selled\u00f4nio-210x300.jpg 210w, https:\/\/www.sudoestehoje.com.br\/novoportal\/wp-content\/uploads\/2015\/03\/selled\u00f4nio-210x300-105x150.jpg 105w\" sizes=\"auto, (max-width: 210px) 100vw, 210px\" \/><\/a><\/p>\n<p>O empres\u00e1rio Selled\u00f4nio S. Pinheiro, propriet\u00e1rio de um posto gasolina, foi assassinado a tiros em uma tentativa de assalto no in\u00edcio da tarde deste s\u00e1bado (28). Selled\u00f4nio foi candidato a prefeito daquele munic\u00edpio, em 2008, e a deputado estadual, em 2014, pelo PSOL.<\/p>\n<p>O homic\u00eddio aconteceu em seu estabelecimento comercial, a alguns metros do Col\u00e9gio da Pol\u00edcia Militar de Jequi\u00e9.<\/p>\n<p>Segundo o Blog Gicult, os atos de viol\u00eancia aumentam a cada dia na cidade. Os assaltos a resid\u00eancias, com\u00e9rcio e transeuntes acontecem no centro, a qualquer hora do dia, em pontos centrais de Jequi\u00e9. Blog da Resenha Geral<\/p>\n<p><img decoding=\"async\" class=\" aligncenter\" src=\"http:\/\/www.sudoestehoje.com.br\/novoportal\/wp-content\/uploads\/2014\/12\/Banner-Casabella-500x104.jpg\" alt=\"Banner Casabella\" \/><\/p>\n","protected":false},"excerpt":{"rendered":"<p>O empres\u00e1rio Selled\u00f4nio S. Pinheiro, propriet\u00e1rio de um posto gasolina, foi assassinado a tiros em uma tentativa de assalto no in\u00edcio da tarde deste s\u00e1bado (28). Selled\u00f4nio foi candidato a prefeito daquele munic\u00edpio, em 2008, e a deputado estadual, em 2014, pelo PSOL. O homic\u00eddio aconteceu em seu estabelecimento comercial, a alguns metros do Col\u00e9gio [&hellip;]<\/p>\n","protected":false},"author":2,"featured_media":0,"comment_status":"open","ping_status":"open","sticky":false,"template":"","format":"standard","meta":{"footnotes":"","_links_to":"","_links_to_target":""},"categories":[1],"tags":[],"class_list":["post-47960","post","type-post","status-publish","format-standard","hentry","category-geral"],"views":1247,"_links":{"self":[{"href":"https:\/\/www.sudoestehoje.com.br\/novoportal\/wp-json\/wp\/v2\/posts\/47960","targetHints":{"allow":["GET"]}}],"collection":[{"href":"https:\/\/www.sudoestehoje.com.br\/novoportal\/wp-json\/wp\/v2\/posts"}],"about":[{"href":"https:\/\/www.sudoestehoje.com.br\/novoportal\/wp-json\/wp\/v2\/types\/post"}],"author":[{"embeddable":true,"href":"https:\/\/www.sudoestehoje.com.br\/novoportal\/wp-json\/wp\/v2\/users\/2"}],"replies":[{"embeddable":true,"href":"https:\/\/www.sudoestehoje.com.br\/novoportal\/wp-json\/wp\/v2\/comments?post=47960"}],"version-history":[{"count":4,"href":"https:\/\/www.sudoestehoje.com.br\/novoportal\/wp-json\/wp\/v2\/posts\/47960\/revisions"}],"predecessor-version":[{"id":47972,"href":"https:\/\/www.sudoestehoje.com.br\/novoportal\/wp-json\/wp\/v2\/posts\/47960\/revisions\/47972"}],"wp:attachment":[{"href":"https:\/\/www.sudoestehoje.com.br\/novoportal\/wp-json\/wp\/v2\/media?parent=47960"}],"wp:term":[{"taxonomy":"category","embeddable":true,"href":"https:\/\/www.sudoestehoje.com.br\/novoportal\/wp-json\/wp\/v2\/categories?post=47960"},{"taxonomy":"post_tag","embeddable":true,"href":"https:\/\/www.sudoestehoje.com.br\/novoportal\/wp-json\/wp\/v2\/tags?post=47960"}],"curies":[{"name":"wp","href":"https:\/\/api.w.org\/{rel}","templated":true}]}}