
{"id":47953,"date":"2015-03-28T18:16:46","date_gmt":"2015-03-28T21:16:46","guid":{"rendered":"http:\/\/www.sudoestehoje.com.br\/novoportal\/?p=47953"},"modified":"2015-03-28T18:18:56","modified_gmt":"2015-03-28T21:18:56","slug":"porto-seguro-pf-prende-vereador-envolvido-em-fraude-contra-previdencia-social","status":"publish","type":"post","link":"https:\/\/www.sudoestehoje.com.br\/novoportal\/2015\/03\/28\/porto-seguro-pf-prende-vereador-envolvido-em-fraude-contra-previdencia-social\/","title":{"rendered":"PORTO SEGURO: PF PRENDE VEREADOR ENVOLVIDO EM FRAUDE CONTRA PREVID\u00caNCIA SOCIAL"},"content":{"rendered":"<p><a href=\"http:\/\/www.sudoestehoje.com.br\/novoportal\/wp-content\/uploads\/2015\/03\/VEREADOR-PORTO.jpg\"><img loading=\"lazy\" decoding=\"async\" class=\"aligncenter size-medium wp-image-47956\" src=\"http:\/\/www.sudoestehoje.com.br\/novoportal\/wp-content\/uploads\/2015\/03\/VEREADOR-PORTO-500x330.jpg\" alt=\"VEREADOR PORTO\" width=\"500\" height=\"330\" srcset=\"https:\/\/www.sudoestehoje.com.br\/novoportal\/wp-content\/uploads\/2015\/03\/VEREADOR-PORTO-500x330.jpg 500w, https:\/\/www.sudoestehoje.com.br\/novoportal\/wp-content\/uploads\/2015\/03\/VEREADOR-PORTO-150x99.jpg 150w, https:\/\/www.sudoestehoje.com.br\/novoportal\/wp-content\/uploads\/2015\/03\/VEREADOR-PORTO.jpg 522w\" sizes=\"auto, (max-width: 500px) 100vw, 500px\" \/><\/a><\/p>\n<p>A Pol\u00edcia Federal (PF) deflagrou uma opera\u00e7\u00e3o na manh\u00e3 desta sexta-feira, 27, com o objetivo de combater crimes de car\u00e1ter previdenci\u00e1rio na regi\u00e3o sul da Bahia. A previs\u00e3o \u00e9 que os agentes cumpram 17 mandados de pris\u00e3o ao longo do dia.<\/p>\n<p>A a\u00e7\u00e3o batizada de Patchouli foi iniciada por volta de 6h e, segundo a PF de Porto Seguro, algumas pessoas j\u00e1 foram detidas, inclusive o vereador Ant\u00f4nio Geraldo Ferreira Couto (PSB), conhecido como \u201cGeraldo Contador\u201d, que estava em casa no momento da pris\u00e3o. Ele est\u00e1 custodiado na sede da PF no munic\u00edpio. Al\u00e9m de Porto Seguro, a opera\u00e7\u00e3o tamb\u00e9m \u00e9 realizada em Teixeira de Freitas. Ainda n\u00e3o h\u00e1 informa\u00e7\u00f5es sobre as circunst\u00e2ncias dos crimes cometidos pelos investigados.<\/p>\n<p><span id=\"more-77109\"><\/span>Segundo informa\u00e7\u00f5es do site Radar 64, tamb\u00e9m foi cumprido um mandado no escrit\u00f3rio de contabilidade Conect, localizado no centro da cidade de Itabela. O alvo das investiga\u00e7\u00f5es \u00e9 o contador Dion\u00edsio Souza do Carmo, que foi detido e levado para depor na sede da Pol\u00edcia Federal. Ele j\u00e1 havia sido alvo da Opera\u00e7\u00e3o Monte Pascoal, em 2011, suspeito de comandar uma quadrilha que fraudava declara\u00e7\u00f5es do Imposto de Renda para obter restitui\u00e7\u00f5es indevidas, com preju\u00edzo estimado pela Receita Federal em R$ 5 milh\u00f5es. A Tarde<\/p>\n<p><img loading=\"lazy\" decoding=\"async\" class=\" aligncenter\" src=\"http:\/\/www.blogdotarugao.com.br\/v1\/wp-content\/uploads\/2015\/01\/Banner-Rezende.png\" alt=\"\" width=\"501\" height=\"163\" \/><\/p>\n","protected":false},"excerpt":{"rendered":"<p>A Pol\u00edcia Federal (PF) deflagrou uma opera\u00e7\u00e3o na manh\u00e3 desta sexta-feira, 27, com o objetivo de combater crimes de car\u00e1ter previdenci\u00e1rio na regi\u00e3o sul da Bahia. A previs\u00e3o \u00e9 que os agentes cumpram 17 mandados de pris\u00e3o ao longo do dia. A a\u00e7\u00e3o batizada de Patchouli foi iniciada por volta de 6h e, segundo a [&hellip;]<\/p>\n","protected":false},"author":2,"featured_media":0,"comment_status":"open","ping_status":"open","sticky":false,"template":"","format":"standard","meta":{"footnotes":"","_links_to":"","_links_to_target":""},"categories":[1],"tags":[],"class_list":["post-47953","post","type-post","status-publish","format-standard","hentry","category-geral"],"views":1370,"_links":{"self":[{"href":"https:\/\/www.sudoestehoje.com.br\/novoportal\/wp-json\/wp\/v2\/posts\/47953","targetHints":{"allow":["GET"]}}],"collection":[{"href":"https:\/\/www.sudoestehoje.com.br\/novoportal\/wp-json\/wp\/v2\/posts"}],"about":[{"href":"https:\/\/www.sudoestehoje.com.br\/novoportal\/wp-json\/wp\/v2\/types\/post"}],"author":[{"embeddable":true,"href":"https:\/\/www.sudoestehoje.com.br\/novoportal\/wp-json\/wp\/v2\/users\/2"}],"replies":[{"embeddable":true,"href":"https:\/\/www.sudoestehoje.com.br\/novoportal\/wp-json\/wp\/v2\/comments?post=47953"}],"version-history":[{"count":5,"href":"https:\/\/www.sudoestehoje.com.br\/novoportal\/wp-json\/wp\/v2\/posts\/47953\/revisions"}],"predecessor-version":[{"id":47959,"href":"https:\/\/www.sudoestehoje.com.br\/novoportal\/wp-json\/wp\/v2\/posts\/47953\/revisions\/47959"}],"wp:attachment":[{"href":"https:\/\/www.sudoestehoje.com.br\/novoportal\/wp-json\/wp\/v2\/media?parent=47953"}],"wp:term":[{"taxonomy":"category","embeddable":true,"href":"https:\/\/www.sudoestehoje.com.br\/novoportal\/wp-json\/wp\/v2\/categories?post=47953"},{"taxonomy":"post_tag","embeddable":true,"href":"https:\/\/www.sudoestehoje.com.br\/novoportal\/wp-json\/wp\/v2\/tags?post=47953"}],"curies":[{"name":"wp","href":"https:\/\/api.w.org\/{rel}","templated":true}]}}