
{"id":4794,"date":"2011-05-07T20:36:19","date_gmt":"2011-05-07T23:36:19","guid":{"rendered":"http:\/\/www.sudoestehoje.com.br\/novoportal\/?p=4794"},"modified":"2011-05-07T20:44:30","modified_gmt":"2011-05-07T23:44:30","slug":"fotos-antigas-exposicoes","status":"publish","type":"post","link":"https:\/\/www.sudoestehoje.com.br\/novoportal\/2011\/05\/07\/fotos-antigas-exposicoes\/","title":{"rendered":"ITAPETINGA: ANTIGAS  EXPOSI\u00c7\u00d5ES"},"content":{"rendered":"<p style=\"text-align: center;\"><a href=\"http:\/\/www.sudoestehoje.com.br\/novoportal\/wp-content\/uploads\/2011\/05\/FOTO94.jpg\"><img loading=\"lazy\" decoding=\"async\" class=\"size-medium wp-image-4796  aligncenter\" title=\"FOTO94\" src=\"http:\/\/www.sudoestehoje.com.br\/novoportal\/wp-content\/uploads\/2011\/05\/FOTO94-500x358.jpg\" alt=\"\" width=\"500\" height=\"358\" srcset=\"https:\/\/www.sudoestehoje.com.br\/novoportal\/wp-content\/uploads\/2011\/05\/FOTO94-500x358.jpg 500w, https:\/\/www.sudoestehoje.com.br\/novoportal\/wp-content\/uploads\/2011\/05\/FOTO94-1024x734.jpg 1024w\" sizes=\"auto, (max-width: 500px) 100vw, 500px\" \/><\/a><\/p>\n<p style=\"text-align: center;\"><strong><em>ENTRADA DO PARQUE DE EXPOSI\u00c7\u00d5ES (1962)<\/em><\/strong><\/p>\n<p style=\"text-align: center;\"><a href=\"http:\/\/www.sudoestehoje.com.br\/novoportal\/wp-content\/uploads\/2011\/05\/FOTO31.jpg\"><img loading=\"lazy\" decoding=\"async\" class=\"size-medium wp-image-4797  aligncenter\" title=\"FOTO31\" src=\"http:\/\/www.sudoestehoje.com.br\/novoportal\/wp-content\/uploads\/2011\/05\/FOTO31-500x353.jpg\" alt=\"\" width=\"500\" height=\"353\" srcset=\"https:\/\/www.sudoestehoje.com.br\/novoportal\/wp-content\/uploads\/2011\/05\/FOTO31-500x353.jpg 500w, https:\/\/www.sudoestehoje.com.br\/novoportal\/wp-content\/uploads\/2011\/05\/FOTO31-1024x724.jpg 1024w, https:\/\/www.sudoestehoje.com.br\/novoportal\/wp-content\/uploads\/2011\/05\/FOTO31.jpg 1851w\" sizes=\"auto, (max-width: 500px) 100vw, 500px\" \/><\/a><\/p>\n<p style=\"text-align: center;\"><em><strong>ANTIGA ARQUIBANCADA E PARTE DA PISTA<\/strong><\/em><\/p>\n<p style=\"text-align: center;\"><strong><em>\u00a0<\/em><\/strong><\/p>\n<p style=\"text-align: center;\"><a href=\"http:\/\/www.sudoestehoje.com.br\/novoportal\/wp-content\/uploads\/2011\/05\/FOTO102.jpg\"><img loading=\"lazy\" decoding=\"async\" class=\"size-medium wp-image-4798  aligncenter\" title=\"FOTO102\" src=\"http:\/\/www.sudoestehoje.com.br\/novoportal\/wp-content\/uploads\/2011\/05\/FOTO102-500x358.jpg\" alt=\"\" width=\"500\" height=\"358\" srcset=\"https:\/\/www.sudoestehoje.com.br\/novoportal\/wp-content\/uploads\/2011\/05\/FOTO102-500x358.jpg 500w, https:\/\/www.sudoestehoje.com.br\/novoportal\/wp-content\/uploads\/2011\/05\/FOTO102-1024x734.jpg 1024w\" sizes=\"auto, (max-width: 500px) 100vw, 500px\" \/><\/a><\/p>\n<p style=\"text-align: center;\"><em><strong>ABERTURA DA EXPOSI\u00c7\u00c3O COM GRANDE PRESEN\u00c7A DE P\u00daBLICO<\/strong><\/em><\/p>\n<p style=\"text-align: center;\"><strong><em>\u00a0<\/em><\/strong><\/p>\n<p style=\"text-align: center;\"><a href=\"http:\/\/www.sudoestehoje.com.br\/novoportal\/wp-content\/uploads\/2011\/05\/FOTO103.jpg\"><img loading=\"lazy\" decoding=\"async\" class=\"size-medium wp-image-4799  aligncenter\" title=\"FOTO103\" src=\"http:\/\/www.sudoestehoje.com.br\/novoportal\/wp-content\/uploads\/2011\/05\/FOTO103-500x367.jpg\" alt=\"\" width=\"500\" height=\"367\" srcset=\"https:\/\/www.sudoestehoje.com.br\/novoportal\/wp-content\/uploads\/2011\/05\/FOTO103-500x367.jpg 500w, https:\/\/www.sudoestehoje.com.br\/novoportal\/wp-content\/uploads\/2011\/05\/FOTO103-1024x753.jpg 1024w\" sizes=\"auto, (max-width: 500px) 100vw, 500px\" \/><\/a><\/p>\n<p style=\"text-align: center;\"><em><strong>NOS TEMPOS \u00c1UREOS DA PECU\u00c1RIA, O PARQUE DE EXPOSI\u00c7\u00c3O\u00a0FICAVA LOTADO DURANTE OS 8 DIAS DA FESTA<\/strong><\/em><\/p>\n<p style=\"text-align: center;\"><a href=\"http:\/\/www.sudoestehoje.com.br\/novoportal\/wp-content\/uploads\/2011\/05\/FOTO25.jpg\"><img loading=\"lazy\" decoding=\"async\" class=\"size-medium wp-image-4802  aligncenter\" title=\"FOTO25\" src=\"http:\/\/www.sudoestehoje.com.br\/novoportal\/wp-content\/uploads\/2011\/05\/FOTO25-500x375.jpg\" alt=\"\" width=\"500\" height=\"375\" srcset=\"https:\/\/www.sudoestehoje.com.br\/novoportal\/wp-content\/uploads\/2011\/05\/FOTO25-500x375.jpg 500w, https:\/\/www.sudoestehoje.com.br\/novoportal\/wp-content\/uploads\/2011\/05\/FOTO25-1024x768.jpg 1024w, https:\/\/www.sudoestehoje.com.br\/novoportal\/wp-content\/uploads\/2011\/05\/FOTO25.jpg 1581w\" sizes=\"auto, (max-width: 500px) 100vw, 500px\" \/><\/a><\/p>\n<p style=\"text-align: center;\"><em><strong>CHEGADA DO ENT\u00c3O CANDIDATO A PRESIDENTE DA REP\u00daBLICA, J\u00c2NIO QUADROS, DURANTE A EXPOSI\u00c7\u00c3O DE 1962. J\u00c2NIO SERIA ELEITO PRESIDENTE EM 15 DE NOVEMBRO DAQUELE\u00a0 MESMO ANO.<\/strong><\/em><\/p>\n","protected":false},"excerpt":{"rendered":"<p>ENTRADA DO PARQUE DE EXPOSI\u00c7\u00d5ES (1962) ANTIGA ARQUIBANCADA E PARTE DA PISTA \u00a0 ABERTURA DA EXPOSI\u00c7\u00c3O COM GRANDE PRESEN\u00c7A DE P\u00daBLICO \u00a0 NOS TEMPOS \u00c1UREOS DA PECU\u00c1RIA, O PARQUE DE EXPOSI\u00c7\u00c3O\u00a0FICAVA LOTADO DURANTE OS 8 DIAS DA FESTA CHEGADA DO ENT\u00c3O CANDIDATO A PRESIDENTE DA REP\u00daBLICA, J\u00c2NIO QUADROS, DURANTE A EXPOSI\u00c7\u00c3O DE 1962. J\u00c2NIO SERIA [&hellip;]<\/p>\n","protected":false},"author":2,"featured_media":0,"comment_status":"open","ping_status":"open","sticky":false,"template":"","format":"standard","meta":{"footnotes":"","_links_to":"","_links_to_target":""},"categories":[1],"tags":[],"class_list":["post-4794","post","type-post","status-publish","format-standard","hentry","category-geral"],"views":6425,"_links":{"self":[{"href":"https:\/\/www.sudoestehoje.com.br\/novoportal\/wp-json\/wp\/v2\/posts\/4794","targetHints":{"allow":["GET"]}}],"collection":[{"href":"https:\/\/www.sudoestehoje.com.br\/novoportal\/wp-json\/wp\/v2\/posts"}],"about":[{"href":"https:\/\/www.sudoestehoje.com.br\/novoportal\/wp-json\/wp\/v2\/types\/post"}],"author":[{"embeddable":true,"href":"https:\/\/www.sudoestehoje.com.br\/novoportal\/wp-json\/wp\/v2\/users\/2"}],"replies":[{"embeddable":true,"href":"https:\/\/www.sudoestehoje.com.br\/novoportal\/wp-json\/wp\/v2\/comments?post=4794"}],"version-history":[{"count":8,"href":"https:\/\/www.sudoestehoje.com.br\/novoportal\/wp-json\/wp\/v2\/posts\/4794\/revisions"}],"predecessor-version":[{"id":4808,"href":"https:\/\/www.sudoestehoje.com.br\/novoportal\/wp-json\/wp\/v2\/posts\/4794\/revisions\/4808"}],"wp:attachment":[{"href":"https:\/\/www.sudoestehoje.com.br\/novoportal\/wp-json\/wp\/v2\/media?parent=4794"}],"wp:term":[{"taxonomy":"category","embeddable":true,"href":"https:\/\/www.sudoestehoje.com.br\/novoportal\/wp-json\/wp\/v2\/categories?post=4794"},{"taxonomy":"post_tag","embeddable":true,"href":"https:\/\/www.sudoestehoje.com.br\/novoportal\/wp-json\/wp\/v2\/tags?post=4794"}],"curies":[{"name":"wp","href":"https:\/\/api.w.org\/{rel}","templated":true}]}}