
{"id":47891,"date":"2015-03-26T23:52:46","date_gmt":"2015-03-27T02:52:46","guid":{"rendered":"http:\/\/www.sudoestehoje.com.br\/novoportal\/?p=47891"},"modified":"2015-03-27T18:00:53","modified_gmt":"2015-03-27T21:00:53","slug":"quebrado-governo-cancela-censo-2016","status":"publish","type":"post","link":"https:\/\/www.sudoestehoje.com.br\/novoportal\/2015\/03\/26\/quebrado-governo-cancela-censo-2016\/","title":{"rendered":"QUEBRADO, GOVERNO CANCELA CENSO 2016"},"content":{"rendered":"<p><a href=\"http:\/\/www.sudoestehoje.com.br\/novoportal\/wp-content\/uploads\/2015\/03\/censo2.jpg\"><img loading=\"lazy\" decoding=\"async\" class=\" size-full wp-image-47894 alignleft\" src=\"http:\/\/www.sudoestehoje.com.br\/novoportal\/wp-content\/uploads\/2015\/03\/censo2.jpg\" alt=\"censo2\" width=\"290\" height=\"210\" srcset=\"https:\/\/www.sudoestehoje.com.br\/novoportal\/wp-content\/uploads\/2015\/03\/censo2.jpg 290w, https:\/\/www.sudoestehoje.com.br\/novoportal\/wp-content\/uploads\/2015\/03\/censo2-150x109.jpg 150w\" sizes=\"auto, (max-width: 290px) 100vw, 290px\" \/><\/a><\/p>\n<p>A falta de recursos obrigou\u00a0o Instituto Brasileiro de Geografia e Estat\u00edstica (IBGE) a cancelar a Contagem da Popula\u00e7\u00e3o 2016. Em nota, o Minist\u00e9rio do Planejamento, respons\u00e1vel pelo IBGE, confirmou \u00a0o cancelamento da pesquisa.<\/p>\n<p>Segundo o Planejamento, o alto custo da pesquisa, or\u00e7ada em R$ 2,6 bilh\u00f5es, foi o fator respons\u00e1vel pelo cancelamento. O montante n\u00e3o est\u00e1 previsto no Or\u00e7amento de 2015. Est\u00e3o mantidas as demais pesquisas do IBGE, como o Sistema de Contas Nacionais, a Pesquisa Nacional por Amostra de Domic\u00edlios Cont\u00ednua, a Pesquisa de Or\u00e7amentos Familiares e o Censo Agropecu\u00e1rio de 2017.<\/p>\n<p>Sem a Contagem da Popula\u00e7\u00e3o, um novo levantamento populacional s\u00f3 ser\u00e1 feito no Censo de 2020. Usada no c\u00e1lculo dos repasses da Uni\u00e3o aos estados e aos munic\u00edpios, a Contagem da Popula\u00e7\u00e3o \u00e9 feita por amostragem e n\u00e3o exige a ida de t\u00e9cnicos do IBGE de casa em casa, como no censo.<\/p>\n<p>Apesar da amostra menor, a pesquisa envolve cerca de 80 mil recenseadores. A compra de equipamentos e a contrata\u00e7\u00e3o de trabalhadores tempor\u00e1rios come\u00e7ariam a ser planejadas em 2015 para a execu\u00e7\u00e3o do levantamento em 2016. Sem a Contagem da Popula\u00e7\u00e3o, estados e munic\u00edpios receber\u00e3o repasses federais com base em estimativas do IBGE.<\/p>\n<p><img loading=\"lazy\" decoding=\"async\" class=\"aligncenter\" src=\"http:\/\/2.bp.blogspot.com\/-70-eOs__L20\/VPCyusPhXRI\/AAAAAAAACAQ\/KHorKekdACs\/s640\/tarug%C3%A3o1.jpg\" alt=\"\" width=\"501\" height=\"141\" \/><\/p>\n","protected":false},"excerpt":{"rendered":"<p>A falta de recursos obrigou\u00a0o Instituto Brasileiro de Geografia e Estat\u00edstica (IBGE) a cancelar a Contagem da Popula\u00e7\u00e3o 2016. Em nota, o Minist\u00e9rio do Planejamento, respons\u00e1vel pelo IBGE, confirmou \u00a0o cancelamento da pesquisa. Segundo o Planejamento, o alto custo da pesquisa, or\u00e7ada em R$ 2,6 bilh\u00f5es, foi o fator respons\u00e1vel pelo cancelamento. O montante n\u00e3o [&hellip;]<\/p>\n","protected":false},"author":2,"featured_media":0,"comment_status":"open","ping_status":"open","sticky":false,"template":"","format":"standard","meta":{"footnotes":"","_links_to":"","_links_to_target":""},"categories":[1],"tags":[],"class_list":["post-47891","post","type-post","status-publish","format-standard","hentry","category-geral"],"views":1243,"_links":{"self":[{"href":"https:\/\/www.sudoestehoje.com.br\/novoportal\/wp-json\/wp\/v2\/posts\/47891","targetHints":{"allow":["GET"]}}],"collection":[{"href":"https:\/\/www.sudoestehoje.com.br\/novoportal\/wp-json\/wp\/v2\/posts"}],"about":[{"href":"https:\/\/www.sudoestehoje.com.br\/novoportal\/wp-json\/wp\/v2\/types\/post"}],"author":[{"embeddable":true,"href":"https:\/\/www.sudoestehoje.com.br\/novoportal\/wp-json\/wp\/v2\/users\/2"}],"replies":[{"embeddable":true,"href":"https:\/\/www.sudoestehoje.com.br\/novoportal\/wp-json\/wp\/v2\/comments?post=47891"}],"version-history":[{"count":4,"href":"https:\/\/www.sudoestehoje.com.br\/novoportal\/wp-json\/wp\/v2\/posts\/47891\/revisions"}],"predecessor-version":[{"id":47912,"href":"https:\/\/www.sudoestehoje.com.br\/novoportal\/wp-json\/wp\/v2\/posts\/47891\/revisions\/47912"}],"wp:attachment":[{"href":"https:\/\/www.sudoestehoje.com.br\/novoportal\/wp-json\/wp\/v2\/media?parent=47891"}],"wp:term":[{"taxonomy":"category","embeddable":true,"href":"https:\/\/www.sudoestehoje.com.br\/novoportal\/wp-json\/wp\/v2\/categories?post=47891"},{"taxonomy":"post_tag","embeddable":true,"href":"https:\/\/www.sudoestehoje.com.br\/novoportal\/wp-json\/wp\/v2\/tags?post=47891"}],"curies":[{"name":"wp","href":"https:\/\/api.w.org\/{rel}","templated":true}]}}