
{"id":47870,"date":"2015-03-26T17:59:50","date_gmt":"2015-03-26T20:59:50","guid":{"rendered":"http:\/\/www.sudoestehoje.com.br\/novoportal\/?p=47870"},"modified":"2015-03-26T18:42:53","modified_gmt":"2015-03-26T21:42:53","slug":"itapetinga-bancada-do-prefeito-na-camara-e-fraca-e-desarticulada","status":"publish","type":"post","link":"https:\/\/www.sudoestehoje.com.br\/novoportal\/2015\/03\/26\/itapetinga-bancada-do-prefeito-na-camara-e-fraca-e-desarticulada\/","title":{"rendered":"ITAPETINGA: BANCADA DO PREFEITO NA C\u00c2MARA \u00c9 FRACA E DESARTICULADA"},"content":{"rendered":"<div id=\"attachment_47871\" style=\"width: 510px\" class=\"wp-caption aligncenter\"><a href=\"http:\/\/www.sudoestehoje.com.br\/novoportal\/wp-content\/uploads\/2015\/03\/valquir\u00e3o-lima-e-topiqueiros1.jpg\"><img loading=\"lazy\" decoding=\"async\" aria-describedby=\"caption-attachment-47871\" class=\"size-medium wp-image-47871\" src=\"http:\/\/www.sudoestehoje.com.br\/novoportal\/wp-content\/uploads\/2015\/03\/valquir\u00e3o-lima-e-topiqueiros1-500x375.jpg\" alt=\"O oportunista\" width=\"500\" height=\"375\" srcset=\"https:\/\/www.sudoestehoje.com.br\/novoportal\/wp-content\/uploads\/2015\/03\/valquir\u00e3o-lima-e-topiqueiros1-500x375.jpg 500w, https:\/\/www.sudoestehoje.com.br\/novoportal\/wp-content\/uploads\/2015\/03\/valquir\u00e3o-lima-e-topiqueiros1-150x113.jpg 150w, https:\/\/www.sudoestehoje.com.br\/novoportal\/wp-content\/uploads\/2015\/03\/valquir\u00e3o-lima-e-topiqueiros1.jpg 640w\" sizes=\"auto, (max-width: 500px) 100vw, 500px\" \/><\/a><p id=\"caption-attachment-47871\" class=\"wp-caption-text\">O oportunista Valquir\u00e3o quis fazer m\u00e9dia com os topiqueiros, mas o prefeito vetou ser malfadado projeto e mandou toda a bancada manter o veto. Valquir\u00e3o saiu do plen\u00e1rio &#8216;passando mal&#8217;.<\/p><\/div>\n<p>A sess\u00e3o legislativa de ontem (25) na c\u00e2mara municipal reafirmou aquilo que todo mundo j\u00e1 sabia e comentava, levando \u00e0 seguinte constata\u00e7\u00e3o: se o prefeito de Itapetinga depender de sua bancada na c\u00e2mara de vereadores para governar o munic\u00edpio, estar\u00e1 em maus len\u00e7\u00f3is, dada a fragilidade, falta de conhecimento pol\u00edtico e despreparo intelectual da maioria dos vereadores que o acompanham.<\/p>\n<p>Toda a atrapalhada teve in\u00edcio quando o oportunista vereador Valquir\u00e3o apresentou um projeto para fazer m\u00e9dia com os topiqueiros, que fazem linha para Bandeira do Col\u00f4nia, mas que acabou sendo vetada por Z\u00e9 Carlos, por just\u00edssima causa, por ser inconstitucional e eivada de erros grosseiros. O veto desmoralizou a pr\u00f3pria bancada do prefeito, que prop\u00f4s e aprovou a aberra\u00e7\u00e3o jur\u00eddica, mas que n\u00e3o pode desobedecer ao chefe do executivo, por raz\u00f5es mais do que \u00f3bvias.<\/p>\n<p>Estabelecido o impasse, a discuss\u00e3o foi para o plen\u00e1rio na noite desta quarta-feira, com os vereadores Zecarlistas voltando atr\u00e1s e deixando o Valquir\u00e3o na rua da amargura, for\u00e7ando-o a abandonar a sess\u00e3o, sob a alega\u00e7\u00e3o de que estava &#8220;passando mal&#8221;.\u00a0Mais deprimente ainda, foi ouvir os fraqu\u00edssimos argumentos de Neide da Vila e Z\u00e9 Antunes, duas &#8216;sumidades&#8217; na arte de mudar de lado, por interesses mesquinhos.<\/p>\n<p>De camarote, a bancada majorit\u00e1ria da oposi\u00e7\u00e3o se divertia com o festival de burrices dos pobres paus mandados do prefeito, pessimamente articulados pelo destruidor de prefeitos Romildo Teixeira, \u00fanico respons\u00e1vel pelo encolhimento da bancada governista na c\u00e2mara.\u00a0O veto do prefeito n\u00e3o foi votado, mas tem tudo para divertir a popula\u00e7\u00e3o nas pr\u00f3ximas sess\u00f5es, ridicularizando ainda mais os lagartixas e oportunistas municipais.<\/p>\n<p>Se quiser governabilidade, o prefeito de Itapetinga, seja Z\u00e9 Carlos ou Al\u00e9cio, vai ter que afastar Romildo Teixeira das articula\u00e7\u00f5es na c\u00e2mara de vereadores, e dialogar com a oposi\u00e7\u00e3o. Sen\u00e3o, vai ser um vexame atr\u00e1s do outro.<\/p>\n<p><strong><em>Por Davi Ferraz<\/em><\/strong><\/p>\n<p><img decoding=\"async\" class=\"aligncenter\" src=\"http:\/\/www.sudoestehoje.com.br\/novoportal\/wp-content\/uploads\/2014\/09\/supermoda.png\" alt=\"supermoda\" \/><\/p>\n","protected":false},"excerpt":{"rendered":"<p>A sess\u00e3o legislativa de ontem (25) na c\u00e2mara municipal reafirmou aquilo que todo mundo j\u00e1 sabia e comentava, levando \u00e0 seguinte constata\u00e7\u00e3o: se o prefeito de Itapetinga depender de sua bancada na c\u00e2mara de vereadores para governar o munic\u00edpio, estar\u00e1 em maus len\u00e7\u00f3is, dada a fragilidade, falta de conhecimento pol\u00edtico e despreparo intelectual da maioria [&hellip;]<\/p>\n","protected":false},"author":2,"featured_media":0,"comment_status":"open","ping_status":"open","sticky":false,"template":"","format":"standard","meta":{"footnotes":"","_links_to":"","_links_to_target":""},"categories":[1],"tags":[],"class_list":["post-47870","post","type-post","status-publish","format-standard","hentry","category-geral"],"views":1263,"_links":{"self":[{"href":"https:\/\/www.sudoestehoje.com.br\/novoportal\/wp-json\/wp\/v2\/posts\/47870","targetHints":{"allow":["GET"]}}],"collection":[{"href":"https:\/\/www.sudoestehoje.com.br\/novoportal\/wp-json\/wp\/v2\/posts"}],"about":[{"href":"https:\/\/www.sudoestehoje.com.br\/novoportal\/wp-json\/wp\/v2\/types\/post"}],"author":[{"embeddable":true,"href":"https:\/\/www.sudoestehoje.com.br\/novoportal\/wp-json\/wp\/v2\/users\/2"}],"replies":[{"embeddable":true,"href":"https:\/\/www.sudoestehoje.com.br\/novoportal\/wp-json\/wp\/v2\/comments?post=47870"}],"version-history":[{"count":4,"href":"https:\/\/www.sudoestehoje.com.br\/novoportal\/wp-json\/wp\/v2\/posts\/47870\/revisions"}],"predecessor-version":[{"id":47876,"href":"https:\/\/www.sudoestehoje.com.br\/novoportal\/wp-json\/wp\/v2\/posts\/47870\/revisions\/47876"}],"wp:attachment":[{"href":"https:\/\/www.sudoestehoje.com.br\/novoportal\/wp-json\/wp\/v2\/media?parent=47870"}],"wp:term":[{"taxonomy":"category","embeddable":true,"href":"https:\/\/www.sudoestehoje.com.br\/novoportal\/wp-json\/wp\/v2\/categories?post=47870"},{"taxonomy":"post_tag","embeddable":true,"href":"https:\/\/www.sudoestehoje.com.br\/novoportal\/wp-json\/wp\/v2\/tags?post=47870"}],"curies":[{"name":"wp","href":"https:\/\/api.w.org\/{rel}","templated":true}]}}