
{"id":47842,"date":"2015-03-25T01:09:22","date_gmt":"2015-03-25T04:09:22","guid":{"rendered":"http:\/\/www.sudoestehoje.com.br\/novoportal\/?p=47842"},"modified":"2015-03-25T01:10:31","modified_gmt":"2015-03-25T04:10:31","slug":"prefeito-continua-na-uti-em-salvador","status":"publish","type":"post","link":"https:\/\/www.sudoestehoje.com.br\/novoportal\/2015\/03\/25\/prefeito-continua-na-uti-em-salvador\/","title":{"rendered":"PREFEITO CONTINUA NA UTI EM SALVADOR"},"content":{"rendered":"<p><a href=\"http:\/\/www.sudoestehoje.com.br\/novoportal\/wp-content\/uploads\/2015\/03\/ze-romi.jpg\"><img loading=\"lazy\" decoding=\"async\" class=\"aligncenter  wp-image-47843\" src=\"http:\/\/www.sudoestehoje.com.br\/novoportal\/wp-content\/uploads\/2015\/03\/ze-romi.jpg\" alt=\"ze romi\" width=\"501\" height=\"333\" srcset=\"https:\/\/www.sudoestehoje.com.br\/novoportal\/wp-content\/uploads\/2015\/03\/ze-romi.jpg 420w, https:\/\/www.sudoestehoje.com.br\/novoportal\/wp-content\/uploads\/2015\/03\/ze-romi-150x100.jpg 150w\" sizes=\"auto, (max-width: 501px) 100vw, 501px\" \/><\/a><\/p>\n<p><strong><em>Blog do Anderson<\/em><\/strong><\/p>\n<p>Permanece na Unidade de Terapia Intensiva (UTI) do Hospital Alian\u00e7a, em Salvador, desde a \u00faltima sexta-feira (20), o prefeito de Itapetinga, Jos\u00e9 Carlos Cruz Cerqueira Moura (PT), de 63 anos. O petista foi levado \u00e0 Capital Baiana de avi\u00e3o por conta de uma infec\u00e7\u00e3o do trato respirat\u00f3rio (Pneumonia).<\/p>\n<p>De acordo com a equipe m\u00e9dica, Z\u00e9 Carlos \u201c<em>encontra-se em uso de antibioticoterapia venosa e em cuidados intensivos. O quadro do paciente e est\u00e1vel, por\u00e9m inspira cuidados\u201d.<\/em> Em nota enviada ao Blog do Anderson nesta segunda-feira (23), a Assessoria de Comunica\u00e7\u00e3o da Prefeitura Municipal de Itapetinga informa que o alcaide <em>\u201cest\u00e1 respondendo positivamente ao tratamento, apresentando evolu\u00e7\u00e3o clinica\u201d.<\/em><\/p>\n<p>\u00c9 aguardado para os pr\u00f3ximos dias um decreto passando os poderes do munic\u00edpio ao vice-prefeito, Al\u00e9cio Silva Chaves (PT), tendo em vista que n\u00e3o h\u00e1 previs\u00e3o de alta m\u00e9dica para Z\u00e9 Carlos Moura.<\/p>\n<p><img decoding=\"async\" class=\"aligncenter\" src=\"http:\/\/www.sudoestehoje.com.br\/novoportal\/wp-content\/uploads\/2014\/07\/Feira-do-Lar-1.png\" alt=\"Feira-do-Lar (1)\" \/><\/p>\n","protected":false},"excerpt":{"rendered":"<p>Blog do Anderson Permanece na Unidade de Terapia Intensiva (UTI) do Hospital Alian\u00e7a, em Salvador, desde a \u00faltima sexta-feira (20), o prefeito de Itapetinga, Jos\u00e9 Carlos Cruz Cerqueira Moura (PT), de 63 anos. O petista foi levado \u00e0 Capital Baiana de avi\u00e3o por conta de uma infec\u00e7\u00e3o do trato respirat\u00f3rio (Pneumonia). De acordo com a [&hellip;]<\/p>\n","protected":false},"author":2,"featured_media":0,"comment_status":"open","ping_status":"open","sticky":false,"template":"","format":"standard","meta":{"footnotes":"","_links_to":"","_links_to_target":""},"categories":[1],"tags":[],"class_list":["post-47842","post","type-post","status-publish","format-standard","hentry","category-geral"],"views":1464,"_links":{"self":[{"href":"https:\/\/www.sudoestehoje.com.br\/novoportal\/wp-json\/wp\/v2\/posts\/47842","targetHints":{"allow":["GET"]}}],"collection":[{"href":"https:\/\/www.sudoestehoje.com.br\/novoportal\/wp-json\/wp\/v2\/posts"}],"about":[{"href":"https:\/\/www.sudoestehoje.com.br\/novoportal\/wp-json\/wp\/v2\/types\/post"}],"author":[{"embeddable":true,"href":"https:\/\/www.sudoestehoje.com.br\/novoportal\/wp-json\/wp\/v2\/users\/2"}],"replies":[{"embeddable":true,"href":"https:\/\/www.sudoestehoje.com.br\/novoportal\/wp-json\/wp\/v2\/comments?post=47842"}],"version-history":[{"count":2,"href":"https:\/\/www.sudoestehoje.com.br\/novoportal\/wp-json\/wp\/v2\/posts\/47842\/revisions"}],"predecessor-version":[{"id":47845,"href":"https:\/\/www.sudoestehoje.com.br\/novoportal\/wp-json\/wp\/v2\/posts\/47842\/revisions\/47845"}],"wp:attachment":[{"href":"https:\/\/www.sudoestehoje.com.br\/novoportal\/wp-json\/wp\/v2\/media?parent=47842"}],"wp:term":[{"taxonomy":"category","embeddable":true,"href":"https:\/\/www.sudoestehoje.com.br\/novoportal\/wp-json\/wp\/v2\/categories?post=47842"},{"taxonomy":"post_tag","embeddable":true,"href":"https:\/\/www.sudoestehoje.com.br\/novoportal\/wp-json\/wp\/v2\/tags?post=47842"}],"curies":[{"name":"wp","href":"https:\/\/api.w.org\/{rel}","templated":true}]}}