
{"id":47838,"date":"2015-03-24T22:58:23","date_gmt":"2015-03-25T01:58:23","guid":{"rendered":"http:\/\/www.sudoestehoje.com.br\/novoportal\/?p=47838"},"modified":"2015-03-25T00:59:47","modified_gmt":"2015-03-25T03:59:47","slug":"aviao-com-150-pessoas-cai-nos-alpes-franceses-e-ninguem-sobrevive","status":"publish","type":"post","link":"https:\/\/www.sudoestehoje.com.br\/novoportal\/2015\/03\/24\/aviao-com-150-pessoas-cai-nos-alpes-franceses-e-ninguem-sobrevive\/","title":{"rendered":"AVI\u00c3O COM 150 PESSOAS CAI NOS ALPES FRANCESES E NINGU\u00c9M SOBREVIVE"},"content":{"rendered":"<p><a href=\"http:\/\/www.sudoestehoje.com.br\/novoportal\/wp-content\/uploads\/2015\/03\/AVI\u00c3O-ALPES.jpeg\"><img loading=\"lazy\" decoding=\"async\" class=\"aligncenter size-medium wp-image-47839\" src=\"http:\/\/www.sudoestehoje.com.br\/novoportal\/wp-content\/uploads\/2015\/03\/AVI\u00c3O-ALPES-500x375.jpeg\" alt=\"AVI\u00c3O ALPES\" width=\"500\" height=\"375\" srcset=\"https:\/\/www.sudoestehoje.com.br\/novoportal\/wp-content\/uploads\/2015\/03\/AVI\u00c3O-ALPES-500x375.jpeg 500w, https:\/\/www.sudoestehoje.com.br\/novoportal\/wp-content\/uploads\/2015\/03\/AVI\u00c3O-ALPES-150x113.jpeg 150w, https:\/\/www.sudoestehoje.com.br\/novoportal\/wp-content\/uploads\/2015\/03\/AVI\u00c3O-ALPES.jpeg 690w\" sizes=\"auto, (max-width: 500px) 100vw, 500px\" \/><\/a><\/p>\n<p>Um Airbus A320 que transportava 150 pessoas, incluindo seis tripulantes, entre Barcelona e a cidade alem\u00e3 de Dusseldorf caiu nesta ter\u00e7a-feira (24) nos Alpes franceses. O avi\u00e3o decolou da cidade espanhola \u00e0s 9h45 (6h45 no hor\u00e1rio de Bras\u00edlia) e fez uma escala em Marselha, na Fran\u00e7a, antes de seguir para a Alemanha.<\/p>\n<p>As primeiras informa\u00e7\u00f5es davam conta que a aeronave transportava 148 passageiros, n\u00famero corrigido pela companhia Germanwings, filial da Lufthansa. O minist\u00e9rio o Interior franc\u00eas informou ter encontrado destro\u00e7os da aeronave na regi\u00e3o de Barcelonnette (sudeste da Fran\u00e7a). Antes da queda, um sinal de socorro foi enviado pela aeronave. No momento do acidente, as condi\u00e7\u00f5es clim\u00e1ticas eram boas. Informa\u00e7\u00f5es do A Tarde.<\/p>\n<p><img loading=\"lazy\" decoding=\"async\" class=\"aligncenter\" src=\"http:\/\/2.bp.blogspot.com\/-70-eOs__L20\/VPCyusPhXRI\/AAAAAAAACAQ\/KHorKekdACs\/s640\/tarug%C3%A3o1.jpg\" alt=\"\" width=\"501\" height=\"141\" \/><\/p>\n","protected":false},"excerpt":{"rendered":"<p>Um Airbus A320 que transportava 150 pessoas, incluindo seis tripulantes, entre Barcelona e a cidade alem\u00e3 de Dusseldorf caiu nesta ter\u00e7a-feira (24) nos Alpes franceses. O avi\u00e3o decolou da cidade espanhola \u00e0s 9h45 (6h45 no hor\u00e1rio de Bras\u00edlia) e fez uma escala em Marselha, na Fran\u00e7a, antes de seguir para a Alemanha. As primeiras informa\u00e7\u00f5es [&hellip;]<\/p>\n","protected":false},"author":2,"featured_media":0,"comment_status":"open","ping_status":"open","sticky":false,"template":"","format":"standard","meta":{"footnotes":"","_links_to":"","_links_to_target":""},"categories":[1],"tags":[],"class_list":["post-47838","post","type-post","status-publish","format-standard","hentry","category-geral"],"views":2531,"_links":{"self":[{"href":"https:\/\/www.sudoestehoje.com.br\/novoportal\/wp-json\/wp\/v2\/posts\/47838","targetHints":{"allow":["GET"]}}],"collection":[{"href":"https:\/\/www.sudoestehoje.com.br\/novoportal\/wp-json\/wp\/v2\/posts"}],"about":[{"href":"https:\/\/www.sudoestehoje.com.br\/novoportal\/wp-json\/wp\/v2\/types\/post"}],"author":[{"embeddable":true,"href":"https:\/\/www.sudoestehoje.com.br\/novoportal\/wp-json\/wp\/v2\/users\/2"}],"replies":[{"embeddable":true,"href":"https:\/\/www.sudoestehoje.com.br\/novoportal\/wp-json\/wp\/v2\/comments?post=47838"}],"version-history":[{"count":2,"href":"https:\/\/www.sudoestehoje.com.br\/novoportal\/wp-json\/wp\/v2\/posts\/47838\/revisions"}],"predecessor-version":[{"id":47841,"href":"https:\/\/www.sudoestehoje.com.br\/novoportal\/wp-json\/wp\/v2\/posts\/47838\/revisions\/47841"}],"wp:attachment":[{"href":"https:\/\/www.sudoestehoje.com.br\/novoportal\/wp-json\/wp\/v2\/media?parent=47838"}],"wp:term":[{"taxonomy":"category","embeddable":true,"href":"https:\/\/www.sudoestehoje.com.br\/novoportal\/wp-json\/wp\/v2\/categories?post=47838"},{"taxonomy":"post_tag","embeddable":true,"href":"https:\/\/www.sudoestehoje.com.br\/novoportal\/wp-json\/wp\/v2\/tags?post=47838"}],"curies":[{"name":"wp","href":"https:\/\/api.w.org\/{rel}","templated":true}]}}