
{"id":47821,"date":"2015-03-24T01:02:30","date_gmt":"2015-03-24T04:02:30","guid":{"rendered":"http:\/\/www.sudoestehoje.com.br\/novoportal\/?p=47821"},"modified":"2015-03-25T00:43:19","modified_gmt":"2015-03-25T03:43:19","slug":"alecio-assume-prefeitura-nesta-quarta","status":"publish","type":"post","link":"https:\/\/www.sudoestehoje.com.br\/novoportal\/2015\/03\/24\/alecio-assume-prefeitura-nesta-quarta\/","title":{"rendered":"AL\u00c9CIO ASSUME PREFEITURA NESTA QUARTA"},"content":{"rendered":"<p><a href=\"http:\/\/www.sudoestehoje.com.br\/novoportal\/wp-content\/uploads\/2015\/03\/alecio.jpg\"><img loading=\"lazy\" decoding=\"async\" class=\"aligncenter  wp-image-47823\" src=\"http:\/\/www.sudoestehoje.com.br\/novoportal\/wp-content\/uploads\/2015\/03\/alecio.jpg\" alt=\"alecio\" width=\"449\" height=\"337\" srcset=\"https:\/\/www.sudoestehoje.com.br\/novoportal\/wp-content\/uploads\/2015\/03\/alecio.jpg 400w, https:\/\/www.sudoestehoje.com.br\/novoportal\/wp-content\/uploads\/2015\/03\/alecio-150x113.jpg 150w\" sizes=\"auto, (max-width: 449px) 100vw, 449px\" \/><\/a><\/p>\n<p>ITAPETINGA: Diante do quadro grave de sa\u00fade do prefeito Z\u00e9 Carlos e de n\u00e3o haver previs\u00e3o de alta a curto prazo, o vice-prefeito Al\u00e9cio Chaves deve assumir o cargo de prefeito na pr\u00f3xima quarta-feira (25), de forma interina.<\/p>\n<p>Na pr\u00e1tica, Al\u00e9cio j\u00e1 atende no gabinete do prefeito desde a manh\u00e3 desta segunda (23), mas a solenidade oficial de transmiss\u00e3o do cargo s\u00f3 ocorrer\u00e1 amanh\u00e3, com a presen\u00e7a do secretariado e assessores.<\/p>\n<p>Al\u00e9cio ter\u00e1 pela frente enormes desafios, dentre eles a administra\u00e7\u00e3o financeira de uma prefeitura quebrada, em decorr\u00eancia da fraqu\u00edssima atua\u00e7\u00e3o do seu titular, que n\u00e3o pisa no seu gabinete h\u00e1 meses e entregou a gest\u00e3o do munic\u00edpio nas m\u00e3os de pessoas despreparadas e muito mal intencionadas.<\/p>\n<p>Al\u00e9cio sabe onde pisa e vai ter que superar essas e outras dificuldades, para n\u00e3o cair no lugar comum da mediocridade oficial.<\/p>\n<p>Se bater o ponto diariamente, j\u00e1 \u00e9 um grande avan\u00e7o&#8230;<\/p>\n<p><strong><em>Por Davi Ferraz<\/em><\/strong><\/p>\n<p><img decoding=\"async\" class=\"aligncenter\" src=\"http:\/\/img.blogdoanderson.com\/publicidade\/cristo-redentor-02-15.jpg\" alt=\"\" \/><\/p>\n","protected":false},"excerpt":{"rendered":"<p>ITAPETINGA: Diante do quadro grave de sa\u00fade do prefeito Z\u00e9 Carlos e de n\u00e3o haver previs\u00e3o de alta a curto prazo, o vice-prefeito Al\u00e9cio Chaves deve assumir o cargo de prefeito na pr\u00f3xima quarta-feira (25), de forma interina. Na pr\u00e1tica, Al\u00e9cio j\u00e1 atende no gabinete do prefeito desde a manh\u00e3 desta segunda (23), mas a [&hellip;]<\/p>\n","protected":false},"author":2,"featured_media":0,"comment_status":"open","ping_status":"open","sticky":false,"template":"","format":"standard","meta":{"footnotes":"","_links_to":"","_links_to_target":""},"categories":[1],"tags":[],"class_list":["post-47821","post","type-post","status-publish","format-standard","hentry","category-geral"],"views":1284,"_links":{"self":[{"href":"https:\/\/www.sudoestehoje.com.br\/novoportal\/wp-json\/wp\/v2\/posts\/47821","targetHints":{"allow":["GET"]}}],"collection":[{"href":"https:\/\/www.sudoestehoje.com.br\/novoportal\/wp-json\/wp\/v2\/posts"}],"about":[{"href":"https:\/\/www.sudoestehoje.com.br\/novoportal\/wp-json\/wp\/v2\/types\/post"}],"author":[{"embeddable":true,"href":"https:\/\/www.sudoestehoje.com.br\/novoportal\/wp-json\/wp\/v2\/users\/2"}],"replies":[{"embeddable":true,"href":"https:\/\/www.sudoestehoje.com.br\/novoportal\/wp-json\/wp\/v2\/comments?post=47821"}],"version-history":[{"count":3,"href":"https:\/\/www.sudoestehoje.com.br\/novoportal\/wp-json\/wp\/v2\/posts\/47821\/revisions"}],"predecessor-version":[{"id":47830,"href":"https:\/\/www.sudoestehoje.com.br\/novoportal\/wp-json\/wp\/v2\/posts\/47821\/revisions\/47830"}],"wp:attachment":[{"href":"https:\/\/www.sudoestehoje.com.br\/novoportal\/wp-json\/wp\/v2\/media?parent=47821"}],"wp:term":[{"taxonomy":"category","embeddable":true,"href":"https:\/\/www.sudoestehoje.com.br\/novoportal\/wp-json\/wp\/v2\/categories?post=47821"},{"taxonomy":"post_tag","embeddable":true,"href":"https:\/\/www.sudoestehoje.com.br\/novoportal\/wp-json\/wp\/v2\/tags?post=47821"}],"curies":[{"name":"wp","href":"https:\/\/api.w.org\/{rel}","templated":true}]}}