
{"id":47818,"date":"2015-03-24T00:08:13","date_gmt":"2015-03-24T03:08:13","guid":{"rendered":"http:\/\/www.sudoestehoje.com.br\/novoportal\/?p=47818"},"modified":"2015-03-25T00:44:42","modified_gmt":"2015-03-25T03:44:42","slug":"prefeito-ze-carlos-continua-internado-na-uti-do-hospital-alianca","status":"publish","type":"post","link":"https:\/\/www.sudoestehoje.com.br\/novoportal\/2015\/03\/24\/prefeito-ze-carlos-continua-internado-na-uti-do-hospital-alianca\/","title":{"rendered":"PREFEITO Z\u00c9 CARLOS CONTINUA INTERNADO NA UTI DO HOSPITAL ALIAN\u00c7A"},"content":{"rendered":"<p><a href=\"http:\/\/www.sudoestehoje.com.br\/novoportal\/wp-content\/uploads\/2015\/03\/ze-ca.jpg\"><img loading=\"lazy\" decoding=\"async\" class=\"aligncenter size-medium wp-image-47819\" src=\"http:\/\/www.sudoestehoje.com.br\/novoportal\/wp-content\/uploads\/2015\/03\/ze-ca-500x375.jpg\" alt=\"ze ca\" width=\"500\" height=\"375\" srcset=\"https:\/\/www.sudoestehoje.com.br\/novoportal\/wp-content\/uploads\/2015\/03\/ze-ca-500x375.jpg 500w, https:\/\/www.sudoestehoje.com.br\/novoportal\/wp-content\/uploads\/2015\/03\/ze-ca-150x113.jpg 150w, https:\/\/www.sudoestehoje.com.br\/novoportal\/wp-content\/uploads\/2015\/03\/ze-ca.jpg 600w\" sizes=\"auto, (max-width: 500px) 100vw, 500px\" \/><\/a><\/p>\n<p>Apesar da Assessoria de Comunica\u00e7\u00e3o do prefeito Z\u00e9 Carlos continuar escondendo para a popula\u00e7\u00e3o o seu real quadro cl\u00ednico, o Sudoeste Hoje vem acompanhando o estado de sa\u00fade do prefeito, atrav\u00e9s de amigos da fam\u00edlia e pessoas ligadas \u00e0 administra\u00e7\u00e3o.<\/p>\n<p>De acordo com as \u00faltimas informa\u00e7\u00f5es, o prefeito Z\u00e9 Carlos continua internado na UTI do Hospital Alian\u00e7a, em Salvador, em <em>estado grave<\/em>, onde os m\u00e9dicos infectologistas tentam debelar o seu quadro de <em>pneumonia aguda<\/em>, com uso de antibi\u00f3ticos. O quadro clinico, segundo nota t\u00e9cnica do hospital, \u00e9 est\u00e1vel, o que significa que n\u00e3o houve evolu\u00e7\u00e3o.<\/p>\n<p>SEM PLANO DE SA\u00daDE<\/p>\n<p>Outra informa\u00e7\u00e3o preocupante, \u00e9 que o prefeito Z\u00e9 Carlos n\u00e3o possui plano de sa\u00fade, o que significa que o er\u00e1rio ter\u00e1 que bancar as despesas do seu tratamento, em um dos hospitais mais caros do pa\u00eds, apesar do alcaide ser homem de posses.<\/p>\n<p>NEGLIG\u00caNCIA<\/p>\n<p>Pelo que se pode abstrair das informa\u00e7\u00f5es da incompetente assessoria de comunica\u00e7\u00e3o da prefeitura, houve neglig\u00eancia por parte do pr\u00f3prio prefeito e seus familiares, vez que ele j\u00e1 apresentava sintomas de dores e outras dificuldades, uma semana antes do quadro se agravar, sem procurar nenhuma ajuda m\u00e9dica.\u00a0Somente \u00e0s 10h da \u00faltima quinta-feira, quando o quadro se agravou, os m\u00e9dicos da prefeitura foram acionados, mas pouco puderam fazer, diante da gravidade do caso. Z\u00e9 Carlos quase n\u00e3o respirava e teve que ser entubado e removido \u00e0s pressas para Salvador.<\/p>\n<p>HIST\u00d3RICO M\u00c9DICO<\/p>\n<p>Como imprensa livre e independente, o Sudoeste Hoje divulgou, desde o in\u00edcio e com exclusividade, a crise de sa\u00fade do prefeito, com informa\u00e7\u00f5es em primeira m\u00e3o, obtidas atrav\u00e9s de fontes fidedignas. A suspeita de que o prefeito \u00e9 portador de<em> pancreatite<\/em> se justifica devido ao seu hist\u00f3rico m\u00e9dico e maneira irrespons\u00e1vel com que sempre tratou a pr\u00f3pria sa\u00fade.<\/p>\n<p>O blog deseja que ele se recupere, tome ju\u00edzo e cuide melhor da sua sa\u00fade e da cidade, que est\u00e1 abandonada.<\/p>\n<p><strong><em>Por Davi Ferraz<\/em><\/strong><\/p>\n<p><img decoding=\"async\" class=\"aligncenter\" src=\"http:\/\/www.sudoestehoje.com.br\/novoportal\/wp-content\/uploads\/2014\/07\/Feira-do-Lar-1.png\" alt=\"Feira-do-Lar (1)\" \/><\/p>\n","protected":false},"excerpt":{"rendered":"<p>Apesar da Assessoria de Comunica\u00e7\u00e3o do prefeito Z\u00e9 Carlos continuar escondendo para a popula\u00e7\u00e3o o seu real quadro cl\u00ednico, o Sudoeste Hoje vem acompanhando o estado de sa\u00fade do prefeito, atrav\u00e9s de amigos da fam\u00edlia e pessoas ligadas \u00e0 administra\u00e7\u00e3o. De acordo com as \u00faltimas informa\u00e7\u00f5es, o prefeito Z\u00e9 Carlos continua internado na UTI do [&hellip;]<\/p>\n","protected":false},"author":2,"featured_media":0,"comment_status":"open","ping_status":"open","sticky":false,"template":"","format":"standard","meta":{"footnotes":"","_links_to":"","_links_to_target":""},"categories":[1],"tags":[],"class_list":["post-47818","post","type-post","status-publish","format-standard","hentry","category-geral"],"views":1300,"_links":{"self":[{"href":"https:\/\/www.sudoestehoje.com.br\/novoportal\/wp-json\/wp\/v2\/posts\/47818","targetHints":{"allow":["GET"]}}],"collection":[{"href":"https:\/\/www.sudoestehoje.com.br\/novoportal\/wp-json\/wp\/v2\/posts"}],"about":[{"href":"https:\/\/www.sudoestehoje.com.br\/novoportal\/wp-json\/wp\/v2\/types\/post"}],"author":[{"embeddable":true,"href":"https:\/\/www.sudoestehoje.com.br\/novoportal\/wp-json\/wp\/v2\/users\/2"}],"replies":[{"embeddable":true,"href":"https:\/\/www.sudoestehoje.com.br\/novoportal\/wp-json\/wp\/v2\/comments?post=47818"}],"version-history":[{"count":2,"href":"https:\/\/www.sudoestehoje.com.br\/novoportal\/wp-json\/wp\/v2\/posts\/47818\/revisions"}],"predecessor-version":[{"id":47831,"href":"https:\/\/www.sudoestehoje.com.br\/novoportal\/wp-json\/wp\/v2\/posts\/47818\/revisions\/47831"}],"wp:attachment":[{"href":"https:\/\/www.sudoestehoje.com.br\/novoportal\/wp-json\/wp\/v2\/media?parent=47818"}],"wp:term":[{"taxonomy":"category","embeddable":true,"href":"https:\/\/www.sudoestehoje.com.br\/novoportal\/wp-json\/wp\/v2\/categories?post=47818"},{"taxonomy":"post_tag","embeddable":true,"href":"https:\/\/www.sudoestehoje.com.br\/novoportal\/wp-json\/wp\/v2\/tags?post=47818"}],"curies":[{"name":"wp","href":"https:\/\/api.w.org\/{rel}","templated":true}]}}