
{"id":47800,"date":"2015-03-23T17:59:35","date_gmt":"2015-03-23T20:59:35","guid":{"rendered":"http:\/\/www.sudoestehoje.com.br\/novoportal\/?p=47800"},"modified":"2015-03-25T00:52:04","modified_gmt":"2015-03-25T03:52:04","slug":"com-provas-contra-o-pt-juiz-da-lava-jato-abre-acao-penal-contra-27","status":"publish","type":"post","link":"https:\/\/www.sudoestehoje.com.br\/novoportal\/2015\/03\/23\/com-provas-contra-o-pt-juiz-da-lava-jato-abre-acao-penal-contra-27\/","title":{"rendered":"COM PROVAS CONTRA O PT, JUIZ DA LAVA JATO ABRE A\u00c7\u00c3O PENAL CONTRA 27"},"content":{"rendered":"<div class=\"texto-materia\">\n<p><a href=\"http:\/\/www.sudoestehoje.com.br\/novoportal\/wp-content\/uploads\/2015\/03\/TESOUREIRO-PT.jpg\"><img loading=\"lazy\" decoding=\"async\" class=\"aligncenter size-medium wp-image-47802\" src=\"http:\/\/www.sudoestehoje.com.br\/novoportal\/wp-content\/uploads\/2015\/03\/TESOUREIRO-PT-500x306.jpg\" alt=\"TESOUREIRO PT\" width=\"500\" height=\"306\" srcset=\"https:\/\/www.sudoestehoje.com.br\/novoportal\/wp-content\/uploads\/2015\/03\/TESOUREIRO-PT.jpg 500w, https:\/\/www.sudoestehoje.com.br\/novoportal\/wp-content\/uploads\/2015\/03\/TESOUREIRO-PT-150x92.jpg 150w\" sizes=\"auto, (max-width: 500px) 100vw, 500px\" \/><\/a><\/p>\n<p>O juiz federal S\u00e9rgio Moro aceitou nesta segunda-feira (23) a den\u00fancia do Minist\u00e9rio P\u00fablico Federal (MPF) contra 27 investigados na Opera\u00e7\u00e3o Lava Jato. Com isso, os envolvidos ser\u00e3o chamados a prestar depoimento, poder\u00e3o apresentar defesa e indicar testemunhas. Na den\u00fancia do MPF, os procuradores apontam novos desvios de recursos em contratos com a Petrobras nas obras da Refinaria Get\u00falio Vargas, em Arauc\u00e1ria, no Paran\u00e1, e a Refinaria de Paul\u00ednia, em S\u00e3o Paulo.<\/p>\n<p>Entre os nomes est\u00e3o o tesoureiro do PT, Jo\u00e3o Vaccari Neto, o ex-diretor de Servi\u00e7os da Petrobras Renato Duque e o ex-gerente da estatal Pedro Barusco, al\u00e9m de outros investigados na d\u00e9cima fase da opera\u00e7\u00e3o, deflagrada semana passada. Tamb\u00e9m fazem parte da lista de novos r\u00e9us o doleiro Alberto Youssef, o ex-diretor de Abastecimento da Petrobras Paulo Roberto Costa e executivos de empreiteiras, j\u00e1 investigados em outras fases da Opera\u00e7\u00e3o Lava Jato.<\/p>\n<p>Todos s\u00e3o acusados dos crimes de lavagem de dinheiro, corrup\u00e7\u00e3o e forma\u00e7\u00e3o de quadrilha. De acordo com o juiz, \u201ch\u00e1 prova documental do repasse de parte da propina em doa\u00e7\u00f5es eleitorais registradas ao Partido dos Trabalhadores, o que teria sido feito por solicita\u00e7\u00e3o de Duque e de Vaccari\u201d.<\/p>\n<p><img decoding=\"async\" class=\"aligncenter\" src=\"http:\/\/www.sudoestehoje.com.br\/novoportal\/wp-content\/uploads\/2014\/12\/Banner-Casabella-500x104.jpg\" alt=\"Banner Casabella\" \/><\/p>\n<\/div>\n<div class=\"box-util\"><\/div>\n","protected":false},"excerpt":{"rendered":"<p>O juiz federal S\u00e9rgio Moro aceitou nesta segunda-feira (23) a den\u00fancia do Minist\u00e9rio P\u00fablico Federal (MPF) contra 27 investigados na Opera\u00e7\u00e3o Lava Jato. Com isso, os envolvidos ser\u00e3o chamados a prestar depoimento, poder\u00e3o apresentar defesa e indicar testemunhas. Na den\u00fancia do MPF, os procuradores apontam novos desvios de recursos em contratos com a Petrobras nas [&hellip;]<\/p>\n","protected":false},"author":2,"featured_media":0,"comment_status":"open","ping_status":"open","sticky":false,"template":"","format":"standard","meta":{"footnotes":"","_links_to":"","_links_to_target":""},"categories":[1],"tags":[],"class_list":["post-47800","post","type-post","status-publish","format-standard","hentry","category-geral"],"views":1198,"_links":{"self":[{"href":"https:\/\/www.sudoestehoje.com.br\/novoportal\/wp-json\/wp\/v2\/posts\/47800","targetHints":{"allow":["GET"]}}],"collection":[{"href":"https:\/\/www.sudoestehoje.com.br\/novoportal\/wp-json\/wp\/v2\/posts"}],"about":[{"href":"https:\/\/www.sudoestehoje.com.br\/novoportal\/wp-json\/wp\/v2\/types\/post"}],"author":[{"embeddable":true,"href":"https:\/\/www.sudoestehoje.com.br\/novoportal\/wp-json\/wp\/v2\/users\/2"}],"replies":[{"embeddable":true,"href":"https:\/\/www.sudoestehoje.com.br\/novoportal\/wp-json\/wp\/v2\/comments?post=47800"}],"version-history":[{"count":4,"href":"https:\/\/www.sudoestehoje.com.br\/novoportal\/wp-json\/wp\/v2\/posts\/47800\/revisions"}],"predecessor-version":[{"id":47837,"href":"https:\/\/www.sudoestehoje.com.br\/novoportal\/wp-json\/wp\/v2\/posts\/47800\/revisions\/47837"}],"wp:attachment":[{"href":"https:\/\/www.sudoestehoje.com.br\/novoportal\/wp-json\/wp\/v2\/media?parent=47800"}],"wp:term":[{"taxonomy":"category","embeddable":true,"href":"https:\/\/www.sudoestehoje.com.br\/novoportal\/wp-json\/wp\/v2\/categories?post=47800"},{"taxonomy":"post_tag","embeddable":true,"href":"https:\/\/www.sudoestehoje.com.br\/novoportal\/wp-json\/wp\/v2\/tags?post=47800"}],"curies":[{"name":"wp","href":"https:\/\/api.w.org\/{rel}","templated":true}]}}