
{"id":47798,"date":"2015-03-23T18:06:34","date_gmt":"2015-03-23T21:06:34","guid":{"rendered":"http:\/\/www.sudoestehoje.com.br\/novoportal\/?p=47798"},"modified":"2015-03-25T00:49:19","modified_gmt":"2015-03-25T03:49:19","slug":"ex-prefeito-de-ibirataia-e-condenado-por-desvio-de-verbas-do-fundeb","status":"publish","type":"post","link":"https:\/\/www.sudoestehoje.com.br\/novoportal\/2015\/03\/23\/ex-prefeito-de-ibirataia-e-condenado-por-desvio-de-verbas-do-fundeb\/","title":{"rendered":"EX-PREFEITO DE IBIRATAIA \u00c9 CONDENADO POR DESVIO DE VERBAS DO FUNDEB"},"content":{"rendered":"<p><a href=\"http:\/\/www.sudoestehoje.com.br\/novoportal\/wp-content\/uploads\/2015\/03\/ibirtaia.jpg\"><img loading=\"lazy\" decoding=\"async\" class=\"aligncenter  wp-image-47799\" src=\"http:\/\/www.sudoestehoje.com.br\/novoportal\/wp-content\/uploads\/2015\/03\/ibirtaia.jpg\" alt=\"ibirtaia\" width=\"499\" height=\"368\" srcset=\"https:\/\/www.sudoestehoje.com.br\/novoportal\/wp-content\/uploads\/2015\/03\/ibirtaia.jpg 380w, https:\/\/www.sudoestehoje.com.br\/novoportal\/wp-content\/uploads\/2015\/03\/ibirtaia-150x111.jpg 150w\" sizes=\"auto, (max-width: 499px) 100vw, 499px\" \/><\/a><\/p>\n<p>O ex-prefeito do Munic\u00edpio de Ibirataia, no sul da Bahia, foi condenado por uso irregular de verba p\u00fablica federal do Fundo Nacional de Desenvolvimento da Educa\u00e7\u00e3o (Fundef). O Minist\u00e9rio P\u00fablico Federal na Bahia (MPF-BA) ajuizou uma a\u00e7\u00e3o civil p\u00fablica contra o ex-prefeito J\u00falio Cesar Santos Leal por improbidade administrativa.<\/p>\n<p>A ju\u00edza federal Karine Costa Carlos Rhem da Silva, da Subse\u00e7\u00e3o de Jequi\u00e9, condenou J\u00falio Cesar a ressarcir o er\u00e1rio no montante de R$ 117.456,51 devidamente atualizado, desde julho de 2008 at\u00e9 o efetivo pagamento; perda da fun\u00e7\u00e3o p\u00fablica; suspens\u00e3o dos direitos pol\u00edticos por cinco anos; pagamento de multa civil no valor de 50% do valor atualizado do dano; e na proibi\u00e7\u00e3o de contratar com o Poder P\u00fablico ou receber benef\u00edcios ou incentivos fiscais ou credit\u00edcios por cinco anos, al\u00e9m de pagamento das custas processuais.<\/p>\n<p><img decoding=\"async\" class=\" aligncenter\" src=\"http:\/\/www.sudoestehoje.com.br\/novoportal\/wp-content\/uploads\/2014\/12\/skala-novo.jpg\" alt=\"skala novo\" \/><!--more--><\/p>\n<p>Os recursos do Fundef devem ser aplicados na manuten\u00e7\u00e3o e no desenvolvimento do ensino fundamental p\u00fablico e na valoriza\u00e7\u00e3o de seu magist\u00e9rio, como determina a Lei 9.424\/96. De acordo com um relat\u00f3rio do Tribunal de Contas dos Munic\u00edpios da Bahia, o ex-gestor transferiu o recurso para contas diversas, sem previs\u00e3o na Lei de Diretrizes Or\u00e7ament\u00e1rias ou regulada por lei municipal espec\u00edfica, em afronta \u00e0 norma vigente.\u00a0O tribunal de contas concluiu pela sua responsabilidade por irregularidade nas contas.<\/p>\n<p>A magistrada, na decis\u00e3o, afirmou que \u201cas c\u00f3pias dos cheques e extratos acostados pelo Banco do Brasil demonstram a engenhosa manobra engendrada pelo r\u00e9u para utilizar-se da verba de forma diversa da legalmente prevista\u201d. \u201cTal desvio causa evidente preju\u00edzo ao er\u00e1rio p\u00fablico federal, tendo em vista que impede a consecu\u00e7\u00e3o da finalidade origin\u00e1ria do programa de governo, o qual merece ser ressarcido\u201d, pontua. BN<\/p>\n","protected":false},"excerpt":{"rendered":"<p>O ex-prefeito do Munic\u00edpio de Ibirataia, no sul da Bahia, foi condenado por uso irregular de verba p\u00fablica federal do Fundo Nacional de Desenvolvimento da Educa\u00e7\u00e3o (Fundef). O Minist\u00e9rio P\u00fablico Federal na Bahia (MPF-BA) ajuizou uma a\u00e7\u00e3o civil p\u00fablica contra o ex-prefeito J\u00falio Cesar Santos Leal por improbidade administrativa. A ju\u00edza federal Karine Costa Carlos [&hellip;]<\/p>\n","protected":false},"author":2,"featured_media":0,"comment_status":"open","ping_status":"open","sticky":false,"template":"","format":"standard","meta":{"footnotes":"","_links_to":"","_links_to_target":""},"categories":[1],"tags":[],"class_list":["post-47798","post","type-post","status-publish","format-standard","hentry","category-geral"],"views":1440,"_links":{"self":[{"href":"https:\/\/www.sudoestehoje.com.br\/novoportal\/wp-json\/wp\/v2\/posts\/47798","targetHints":{"allow":["GET"]}}],"collection":[{"href":"https:\/\/www.sudoestehoje.com.br\/novoportal\/wp-json\/wp\/v2\/posts"}],"about":[{"href":"https:\/\/www.sudoestehoje.com.br\/novoportal\/wp-json\/wp\/v2\/types\/post"}],"author":[{"embeddable":true,"href":"https:\/\/www.sudoestehoje.com.br\/novoportal\/wp-json\/wp\/v2\/users\/2"}],"replies":[{"embeddable":true,"href":"https:\/\/www.sudoestehoje.com.br\/novoportal\/wp-json\/wp\/v2\/comments?post=47798"}],"version-history":[{"count":3,"href":"https:\/\/www.sudoestehoje.com.br\/novoportal\/wp-json\/wp\/v2\/posts\/47798\/revisions"}],"predecessor-version":[{"id":47835,"href":"https:\/\/www.sudoestehoje.com.br\/novoportal\/wp-json\/wp\/v2\/posts\/47798\/revisions\/47835"}],"wp:attachment":[{"href":"https:\/\/www.sudoestehoje.com.br\/novoportal\/wp-json\/wp\/v2\/media?parent=47798"}],"wp:term":[{"taxonomy":"category","embeddable":true,"href":"https:\/\/www.sudoestehoje.com.br\/novoportal\/wp-json\/wp\/v2\/categories?post=47798"},{"taxonomy":"post_tag","embeddable":true,"href":"https:\/\/www.sudoestehoje.com.br\/novoportal\/wp-json\/wp\/v2\/tags?post=47798"}],"curies":[{"name":"wp","href":"https:\/\/api.w.org\/{rel}","templated":true}]}}